{"id":9964,"date":"2023-03-02T15:32:24","date_gmt":"2023-03-02T15:32:24","guid":{"rendered":"https:\/\/knowhate.eu\/?p=9964"},"modified":"2023-03-15T10:45:50","modified_gmt":"2023-03-15T10:45:50","slug":"ani-promove-sessao-sobre-programas-cerv-e-horizonte-europa","status":"publish","type":"post","link":"https:\/\/knowhate.eu\/pt-pt\/2023\/03\/02\/ani-promove-sessao-sobre-programas-cerv-e-horizonte-europa\/","title":{"rendered":"ANI Promove sess\u00e3o sobre programas CERV e Horizonte Europa"},"content":{"rendered":"\t\t<div data-elementor-type=\"wp-post\" data-elementor-id=\"9964\" class=\"elementor elementor-9964\" data-elementor-post-type=\"post\">\n\t\t\t\t\t\t<section class=\"wd-negative-gap elementor-section elementor-top-section elementor-element elementor-element-531d78cc elementor-section-full_width elementor-section-height-default elementor-section-height-default\" data-id=\"531d78cc\" data-element_type=\"section\">\n\t\t\t\t\t\t<div class=\"elementor-container elementor-column-gap-no\">\n\t\t\t\t\t<div class=\"elementor-column elementor-col-100 elementor-top-column elementor-element elementor-element-73295a7e\" data-id=\"73295a7e\" data-element_type=\"column\">\n\t\t\t<div class=\"elementor-widget-wrap elementor-element-populated\">\n\t\t\t\t\t\t<div class=\"elementor-element elementor-element-26b76c9c color-scheme-inherit text-left elementor-widget elementor-widget-text-editor\" data-id=\"26b76c9c\" data-element_type=\"widget\" data-widget_type=\"text-editor.default\">\n\t\t\t\t<div class=\"elementor-widget-container\">\n\t\t\t\t\t\t\t\t\t<h2><strong>A ANI, em colabora\u00e7\u00e3o com o Minist\u00e9rio da Justi\u00e7a, organizou uma\u00a0sess\u00e3o de informa\u00e7\u00e3o dedicada ao\u00a0<\/strong><a href=\"https:\/\/www.ani.pt\/pt\/promo\u00e7\u00e3o-internacional\/redes-internacionais\/horizonte-europa\/\">Horizonte Europa<strong>\u00a0<\/strong><\/a>e ao <a href=\"https:\/\/eur03.safelinks.protection.outlook.com\/?url=https%3A%2F%2Fec.europa.eu%2Finfo%2Ffunding-tenders%2Fopportunities%2Fportal%2Fscreen%2Fprogrammes%2Fcerv&amp;data=04%7C01%7Cmafalda.souto%40ani.pt%7C1ce0faec29064aaa0c7b08d9e265afee%7C0383970c8e6247a8990e9a81506f56f1%7C0%7C0%7C637789748632355827%7CUnknown%7CTWFpbGZsb3d8eyJWIjoiMC4wLjAwMDAiLCJQIjoiV2luMzIiLCJBTiI6Ik1haWwiLCJXVCI6Mn0%3D%7C3000&amp;sdata=PjIC%2Bz2GKC88ovOIq2nbcJMpVvocYPocVyKDF7Fhtds%3D&amp;reserved=0\">CERV (Programa Cidad\u00e3os, Igualdade, Direitos e Valores)<\/a>, dois programas da Comiss\u00e3o Europeia.\u00a0<\/h2>\t\t\t\t\t\t\t\t<\/div>\n\t\t\t\t<\/div>\n\t\t\t\t<div class=\"elementor-element elementor-element-aca9a30 elementor-widget-divider--view-line elementor-widget elementor-widget-divider\" data-id=\"aca9a30\" data-element_type=\"widget\" data-widget_type=\"divider.default\">\n\t\t\t\t<div class=\"elementor-widget-container\">\n\t\t\t\t\t\t\t<div class=\"elementor-divider\">\n\t\t\t<span class=\"elementor-divider-separator\">\n\t\t\t\t\t\t<\/span>\n\t\t<\/div>\n\t\t\t\t\t\t<\/div>\n\t\t\t\t<\/div>\n\t\t\t\t<div class=\"elementor-element elementor-element-ccfcbab color-scheme-inherit text-left elementor-widget elementor-widget-text-editor\" data-id=\"ccfcbab\" data-element_type=\"widget\" data-widget_type=\"text-editor.default\">\n\t\t\t\t<div class=\"elementor-widget-container\">\n\t\t\t\t\t\t\t\t\t<h3><span style=\"caret-color: #000000; color: #000000; font-family: Calibri, sans-serif; font-style: normal; font-variant-caps: normal; text-align: justify; font-size: 11pt; line-height: 22px;\">A investigadora Rita Guerra, enquanto coordenadora do cons\u00f3rcio financiado pelo CERV, o\u00a0<\/span><b style=\"caret-color: #000000; color: #000000; font-family: Calibri, sans-serif; font-size: medium; font-style: normal; font-variant-caps: normal; text-align: justify;\"><span style=\"font-size: 11pt; line-height: 22px;\">kNOwHATE<\/span><\/b><span style=\"caret-color: #000000; color: #000000; font-family: Calibri, sans-serif; font-style: normal; font-variant-caps: normal; text-align: justify; font-size: 11pt; line-height: 22px;\">\u00a0foi convidada pela\u00a0<a title=\"URL original: https:\/\/www.ani.pt\/ Clique para seguir a liga\u00e7\u00e3o.\" href=\"https:\/\/eur01.safelinks.protection.outlook.com\/?url=https%3A%2F%2Fwww.ani.pt%2F&amp;data=05%7C01%7Candreia_garcia%40iscte-iul.pt%7Cedc337e4b1374403fa8308db14f53a09%7C6230e860bfc54095a6bc104721add6e6%7C0%7C0%7C638126815961358061%7CUnknown%7CTWFpbGZsb3d8eyJWIjoiMC4wLjAwMDAiLCJQIjoiV2luMzIiLCJBTiI6Ik1haWwiLCJXVCI6Mn0%3D%7C3000%7C%7C%7C&amp;sdata=gh6LQbQCgd3SCk%2FqemGETgQPmcBeNXsIoSVcqPLNciA%3D&amp;reserved=0\"><span style=\"color: #954f72;\">ANI-Ag\u00eancia Nacional de Inova\u00e7\u00e3o<\/span><\/a>\u00a0a participar numa mesa redonda numa sess\u00e3o de divulga\u00e7\u00e3o do\u00a0<a title=\"https:\/\/eur01.safelinks.protection.outlook.com\/?url=https%3A%2F%2Fwww.ani.pt%2Fpt%2Fpromo%25C3%25A7%25C3%25A3o-internacional%2Fredes-internacionais%2Fhorizonte-europa%2F&amp;data=05%7C01%7Candreia_garcia%40iscte-iul.pt%7Cedc337e4b1374403fa8308db14f53a09%7C623\" href=\"https:\/\/eur01.safelinks.protection.outlook.com\/?url=https%3A%2F%2Fwww.ani.pt%2Fpt%2Fpromo%25C3%25A7%25C3%25A3o-internacional%2Fredes-internacionais%2Fhorizonte-europa%2F&amp;data=05%7C01%7Candreia_garcia%40iscte-iul.pt%7Cedc337e4b1374403fa8308db14f53a09%7C6230e860bfc54095a6bc104721add6e6%7C0%7C0%7C638126815961514312%7CUnknown%7CTWFpbGZsb3d8eyJWIjoiMC4wLjAwMDAiLCJQIjoiV2luMzIiLCJBTiI6Ik1haWwiLCJXVCI6Mn0%3D%7C3000%7C%7C%7C&amp;sdata=RfL0XuMYwFqZJJDlA%2BKohsaPrG0OLC8kATQPhcpoRjk%3D&amp;reserved=0\" target=\"_blank\" rel=\"noopener\"><span style=\"color: #954f72;\">Horizonte Europa<\/span><\/a>\u00a0e do\u00a0<a title=\"URL original: https:\/\/ec.europa.eu\/info\/funding-tenders\/opportunities\/portal\/screen\/programmes\/cerv Clique para seguir a liga\u00e7\u00e3o.\" href=\"https:\/\/eur01.safelinks.protection.outlook.com\/?url=https%3A%2F%2Fec.europa.eu%2Finfo%2Ffunding-tenders%2Fopportunities%2Fportal%2Fscreen%2Fprogrammes%2Fcerv&amp;data=05%7C01%7Candreia_garcia%40iscte-iul.pt%7Cedc337e4b1374403fa8308db14f53a09%7C6230e860bfc54095a6bc104721add6e6%7C0%7C0%7C638126815961514312%7CUnknown%7CTWFpbGZsb3d8eyJWIjoiMC4wLjAwMDAiLCJQIjoiV2luMzIiLCJBTiI6Ik1haWwiLCJXVCI6Mn0%3D%7C3000%7C%7C%7C&amp;sdata=h%2BsmIXA5gfky4O6Rlp2RVid%2F3RLkST1AfYft6OUXY1A%3D&amp;reserved=0\" target=\"_blank\" rel=\"noopener\"><span style=\"color: #954f72;\">CERV (Programa Cidad\u00e3os, Igualdade, Direitos e Valores)<\/span><\/a>. Este evento foi uma colabora\u00e7\u00e3o entre o Minist\u00e9rio da Justi\u00e7a e a Ag\u00eancia Nacional de Inova\u00e7\u00e3o e realizou-se no passado dia 12 de Janeiro de 2023.\u00a0<\/span><\/h3>\t\t\t\t\t\t\t\t<\/div>\n\t\t\t\t<\/div>\n\t\t\t\t\t<\/div>\n\t\t<\/div>\n\t\t\t\t\t<\/div>\n\t\t<\/section>\n\t\t\t\t<section class=\"wd-negative-gap elementor-section elementor-top-section elementor-element elementor-element-158460c elementor-section-boxed elementor-section-height-default elementor-section-height-default\" data-id=\"158460c\" data-element_type=\"section\">\n\t\t\t\t\t\t<div class=\"elementor-container elementor-column-gap-default\">\n\t\t\t\t\t<div class=\"elementor-column elementor-col-100 elementor-top-column elementor-element elementor-element-f67609f\" data-id=\"f67609f\" data-element_type=\"column\">\n\t\t\t<div class=\"elementor-widget-wrap elementor-element-populated\">\n\t\t\t\t\t\t<div class=\"elementor-element elementor-element-63128f9 elementor-widget elementor-widget-wd_button\" data-id=\"63128f9\" data-element_type=\"widget\" data-widget_type=\"wd_button.default\">\n\t\t\t\t<div class=\"elementor-widget-container\">\n\t\t\t\t\t\t\t<div class=\"wd-button-wrapper text-center\" >\n\t\t\t<a class=\"btn btn-style-default btn-shape-rectangle btn-size-default btn-icon-pos-right\"  href=\"https:\/\/www.ani.pt\/media\/7716\/agenda-cerv-horizonte-europa-12-janeiro-2023.pdf\" target=\"_blank\">\n\t\t\t\t<span class=\"wd-btn-text\" data-elementor-setting-key=\"text\">\n\t\t\t\t\tAgenda do Evento\t\t\t\t<\/span>\n\n\t\t\t\t\t\t\t<\/a>\n\t\t<\/div>\n\t\t\t\t\t\t<\/div>\n\t\t\t\t<\/div>\n\t\t\t\t<div class=\"elementor-element elementor-element-53a434d elementor-widget elementor-widget-video\" data-id=\"53a434d\" data-element_type=\"widget\" data-settings=\"{&quot;youtube_url&quot;:&quot;https:\\\/\\\/youtu.be\\\/hU6OO9mRzso&quot;,&quot;video_type&quot;:&quot;youtube&quot;,&quot;controls&quot;:&quot;yes&quot;}\" data-widget_type=\"video.default\">\n\t\t\t\t<div class=\"elementor-widget-container\">\n\t\t\t\t\t\t\t<div class=\"elementor-wrapper elementor-open-inline\">\n\t\t\t<div class=\"elementor-video\"><\/div>\t\t<\/div>\n\t\t\t\t\t\t<\/div>\n\t\t\t\t<\/div>\n\t\t\t\t\t<\/div>\n\t\t<\/div>\n\t\t\t\t\t<\/div>\n\t\t<\/section>\n\t\t\t\t<\/div>\n\t\t","protected":false},"excerpt":{"rendered":"<p>ANI Promove sess\u00e3o sobre programas CERV E Horizonte Europa&#8230;<\/p>\n","protected":false},"author":2,"featured_media":10131,"comment_status":"open","ping_status":"open","sticky":false,"template":"","format":"image","meta":{"footnotes":""},"categories":[92],"tags":[],"class_list":["post-9964","post","type-post","status-publish","format-image","has-post-thumbnail","hentry","category-noticias","post_format-post-format-image"],"yoast_head":"<!-- This site is optimized with the Yoast SEO plugin v24.7 - https:\/\/yoast.com\/wordpress\/plugins\/seo\/ -->\n<title>ANI Promove sess\u00e3o sobre programas CERV e Horizonte Europa - Knowhate<\/title>\n<meta name=\"robots\" content=\"index, follow, max-snippet:-1, max-image-preview:large, max-video-preview:-1\" \/>\n<link rel=\"canonical\" href=\"https:\/\/knowhate.eu\/pt-pt\/2023\/03\/02\/ani-promove-sessao-sobre-programas-cerv-e-horizonte-europa\/\" \/>\n<meta property=\"og:locale\" content=\"pt_PT\" \/>\n<meta property=\"og:type\" content=\"article\" \/>\n<meta property=\"og:title\" content=\"ANI Promove sess\u00e3o sobre programas CERV e Horizonte Europa - Knowhate\" \/>\n<meta property=\"og:description\" content=\"ANI Promove sess\u00e3o sobre programas CERV E Horizonte Europa...\" \/>\n<meta property=\"og:url\" content=\"https:\/\/knowhate.eu\/pt-pt\/2023\/03\/02\/ani-promove-sessao-sobre-programas-cerv-e-horizonte-europa\/\" \/>\n<meta property=\"og:site_name\" content=\"Knowhate\" \/>\n<meta property=\"article:published_time\" content=\"2023-03-02T15:32:24+00:00\" \/>\n<meta property=\"article:modified_time\" content=\"2023-03-15T10:45:50+00:00\" \/>\n<meta property=\"og:image\" content=\"https:\/\/knowhate.eu\/wp-content\/uploads\/2023\/03\/knowhate-Virtual-Online-Videoconference-Meeting-Chat.jpg\" \/>\n\t<meta property=\"og:image:width\" content=\"1500\" \/>\n\t<meta property=\"og:image:height\" content=\"1012\" \/>\n\t<meta property=\"og:image:type\" content=\"image\/jpeg\" \/>\n<meta name=\"author\" content=\"Andreia Garcia\" \/>\n<meta name=\"twitter:card\" content=\"summary_large_image\" \/>\n<meta name=\"twitter:label1\" content=\"Escrito por\" \/>\n\t<meta name=\"twitter:data1\" content=\"Andreia Garcia\" \/>\n\t<meta name=\"twitter:label2\" content=\"Tempo estimado de leitura\" \/>\n\t<meta name=\"twitter:data2\" content=\"1 minuto\" \/>\n<script type=\"application\/ld+json\" class=\"yoast-schema-graph\">{\"@context\":\"https:\/\/schema.org\",\"@graph\":[{\"@type\":\"WebPage\",\"@id\":\"https:\/\/knowhate.eu\/pt-pt\/2023\/03\/02\/ani-promove-sessao-sobre-programas-cerv-e-horizonte-europa\/\",\"url\":\"https:\/\/knowhate.eu\/pt-pt\/2023\/03\/02\/ani-promove-sessao-sobre-programas-cerv-e-horizonte-europa\/\",\"name\":\"ANI Promove sess\u00e3o sobre programas CERV e Horizonte Europa - Knowhate\",\"isPartOf\":{\"@id\":\"https:\/\/knowhate.eu\/pt-pt\/#website\"},\"primaryImageOfPage\":{\"@id\":\"https:\/\/knowhate.eu\/pt-pt\/2023\/03\/02\/ani-promove-sessao-sobre-programas-cerv-e-horizonte-europa\/#primaryimage\"},\"image\":{\"@id\":\"https:\/\/knowhate.eu\/pt-pt\/2023\/03\/02\/ani-promove-sessao-sobre-programas-cerv-e-horizonte-europa\/#primaryimage\"},\"thumbnailUrl\":\"https:\/\/knowhate.eu\/wp-content\/uploads\/2023\/03\/knowhate-Virtual-Online-Videoconference-Meeting-Chat.jpg\",\"datePublished\":\"2023-03-02T15:32:24+00:00\",\"dateModified\":\"2023-03-15T10:45:50+00:00\",\"author\":{\"@id\":\"https:\/\/knowhate.eu\/pt-pt\/#\/schema\/person\/82646a9e1402691ac2747f181dee1099\"},\"breadcrumb\":{\"@id\":\"https:\/\/knowhate.eu\/pt-pt\/2023\/03\/02\/ani-promove-sessao-sobre-programas-cerv-e-horizonte-europa\/#breadcrumb\"},\"inLanguage\":\"pt-PT\",\"potentialAction\":[{\"@type\":\"ReadAction\",\"target\":[\"https:\/\/knowhate.eu\/pt-pt\/2023\/03\/02\/ani-promove-sessao-sobre-programas-cerv-e-horizonte-europa\/\"]}]},{\"@type\":\"ImageObject\",\"inLanguage\":\"pt-PT\",\"@id\":\"https:\/\/knowhate.eu\/pt-pt\/2023\/03\/02\/ani-promove-sessao-sobre-programas-cerv-e-horizonte-europa\/#primaryimage\",\"url\":\"https:\/\/knowhate.eu\/wp-content\/uploads\/2023\/03\/knowhate-Virtual-Online-Videoconference-Meeting-Chat.jpg\",\"contentUrl\":\"https:\/\/knowhate.eu\/wp-content\/uploads\/2023\/03\/knowhate-Virtual-Online-Videoconference-Meeting-Chat.jpg\",\"width\":1500,\"height\":1012},{\"@type\":\"BreadcrumbList\",\"@id\":\"https:\/\/knowhate.eu\/pt-pt\/2023\/03\/02\/ani-promove-sessao-sobre-programas-cerv-e-horizonte-europa\/#breadcrumb\",\"itemListElement\":[{\"@type\":\"ListItem\",\"position\":1,\"name\":\"Home\",\"item\":\"https:\/\/knowhate.eu\/pt-pt\/\"},{\"@type\":\"ListItem\",\"position\":2,\"name\":\"ANI Promove sess\u00e3o sobre programas CERV e Horizonte Europa\"}]},{\"@type\":\"WebSite\",\"@id\":\"https:\/\/knowhate.eu\/pt-pt\/#website\",\"url\":\"https:\/\/knowhate.eu\/pt-pt\/\",\"name\":\"Knowhate\",\"description\":\"kNOwing online HATE speech\",\"potentialAction\":[{\"@type\":\"SearchAction\",\"target\":{\"@type\":\"EntryPoint\",\"urlTemplate\":\"https:\/\/knowhate.eu\/pt-pt\/?s={search_term_string}\"},\"query-input\":{\"@type\":\"PropertyValueSpecification\",\"valueRequired\":true,\"valueName\":\"search_term_string\"}}],\"inLanguage\":\"pt-PT\"},{\"@type\":\"Person\",\"@id\":\"https:\/\/knowhate.eu\/pt-pt\/#\/schema\/person\/82646a9e1402691ac2747f181dee1099\",\"name\":\"Andreia Garcia\",\"image\":{\"@type\":\"ImageObject\",\"inLanguage\":\"pt-PT\",\"@id\":\"https:\/\/knowhate.eu\/pt-pt\/#\/schema\/person\/image\/\",\"url\":\"https:\/\/secure.gravatar.com\/avatar\/801ad92a5ddc1aa68c5d38c2f7f894b6?s=96&d=mm&r=g\",\"contentUrl\":\"https:\/\/secure.gravatar.com\/avatar\/801ad92a5ddc1aa68c5d38c2f7f894b6?s=96&d=mm&r=g\",\"caption\":\"Andreia Garcia\"},\"url\":\"https:\/\/knowhate.eu\/pt-pt\/author\/kh-iscte\/\"}]}<\/script>\n<!-- \/ Yoast SEO plugin. -->","yoast_head_json":{"title":"ANI Promove sess\u00e3o sobre programas CERV e Horizonte Europa - Knowhate","robots":{"index":"index","follow":"follow","max-snippet":"max-snippet:-1","max-image-preview":"max-image-preview:large","max-video-preview":"max-video-preview:-1"},"canonical":"https:\/\/knowhate.eu\/pt-pt\/2023\/03\/02\/ani-promove-sessao-sobre-programas-cerv-e-horizonte-europa\/","og_locale":"pt_PT","og_type":"article","og_title":"ANI Promove sess\u00e3o sobre programas CERV e Horizonte Europa - Knowhate","og_description":"ANI Promove sess\u00e3o sobre programas CERV E Horizonte Europa...","og_url":"https:\/\/knowhate.eu\/pt-pt\/2023\/03\/02\/ani-promove-sessao-sobre-programas-cerv-e-horizonte-europa\/","og_site_name":"Knowhate","article_published_time":"2023-03-02T15:32:24+00:00","article_modified_time":"2023-03-15T10:45:50+00:00","og_image":[{"width":1500,"height":1012,"url":"https:\/\/knowhate.eu\/wp-content\/uploads\/2023\/03\/knowhate-Virtual-Online-Videoconference-Meeting-Chat.jpg","type":"image\/jpeg"}],"author":"Andreia Garcia","twitter_card":"summary_large_image","twitter_misc":{"Escrito por":"Andreia Garcia","Tempo estimado de leitura":"1 minuto"},"schema":{"@context":"https:\/\/schema.org","@graph":[{"@type":"WebPage","@id":"https:\/\/knowhate.eu\/pt-pt\/2023\/03\/02\/ani-promove-sessao-sobre-programas-cerv-e-horizonte-europa\/","url":"https:\/\/knowhate.eu\/pt-pt\/2023\/03\/02\/ani-promove-sessao-sobre-programas-cerv-e-horizonte-europa\/","name":"ANI Promove sess\u00e3o sobre programas CERV e Horizonte Europa - Knowhate","isPartOf":{"@id":"https:\/\/knowhate.eu\/pt-pt\/#website"},"primaryImageOfPage":{"@id":"https:\/\/knowhate.eu\/pt-pt\/2023\/03\/02\/ani-promove-sessao-sobre-programas-cerv-e-horizonte-europa\/#primaryimage"},"image":{"@id":"https:\/\/knowhate.eu\/pt-pt\/2023\/03\/02\/ani-promove-sessao-sobre-programas-cerv-e-horizonte-europa\/#primaryimage"},"thumbnailUrl":"https:\/\/knowhate.eu\/wp-content\/uploads\/2023\/03\/knowhate-Virtual-Online-Videoconference-Meeting-Chat.jpg","datePublished":"2023-03-02T15:32:24+00:00","dateModified":"2023-03-15T10:45:50+00:00","author":{"@id":"https:\/\/knowhate.eu\/pt-pt\/#\/schema\/person\/82646a9e1402691ac2747f181dee1099"},"breadcrumb":{"@id":"https:\/\/knowhate.eu\/pt-pt\/2023\/03\/02\/ani-promove-sessao-sobre-programas-cerv-e-horizonte-europa\/#breadcrumb"},"inLanguage":"pt-PT","potentialAction":[{"@type":"ReadAction","target":["https:\/\/knowhate.eu\/pt-pt\/2023\/03\/02\/ani-promove-sessao-sobre-programas-cerv-e-horizonte-europa\/"]}]},{"@type":"ImageObject","inLanguage":"pt-PT","@id":"https:\/\/knowhate.eu\/pt-pt\/2023\/03\/02\/ani-promove-sessao-sobre-programas-cerv-e-horizonte-europa\/#primaryimage","url":"https:\/\/knowhate.eu\/wp-content\/uploads\/2023\/03\/knowhate-Virtual-Online-Videoconference-Meeting-Chat.jpg","contentUrl":"https:\/\/knowhate.eu\/wp-content\/uploads\/2023\/03\/knowhate-Virtual-Online-Videoconference-Meeting-Chat.jpg","width":1500,"height":1012},{"@type":"BreadcrumbList","@id":"https:\/\/knowhate.eu\/pt-pt\/2023\/03\/02\/ani-promove-sessao-sobre-programas-cerv-e-horizonte-europa\/#breadcrumb","itemListElement":[{"@type":"ListItem","position":1,"name":"Home","item":"https:\/\/knowhate.eu\/pt-pt\/"},{"@type":"ListItem","position":2,"name":"ANI Promove sess\u00e3o sobre programas CERV e Horizonte Europa"}]},{"@type":"WebSite","@id":"https:\/\/knowhate.eu\/pt-pt\/#website","url":"https:\/\/knowhate.eu\/pt-pt\/","name":"Knowhate","description":"kNOwing online HATE speech","potentialAction":[{"@type":"SearchAction","target":{"@type":"EntryPoint","urlTemplate":"https:\/\/knowhate.eu\/pt-pt\/?s={search_term_string}"},"query-input":{"@type":"PropertyValueSpecification","valueRequired":true,"valueName":"search_term_string"}}],"inLanguage":"pt-PT"},{"@type":"Person","@id":"https:\/\/knowhate.eu\/pt-pt\/#\/schema\/person\/82646a9e1402691ac2747f181dee1099","name":"Andreia Garcia","image":{"@type":"ImageObject","inLanguage":"pt-PT","@id":"https:\/\/knowhate.eu\/pt-pt\/#\/schema\/person\/image\/","url":"https:\/\/secure.gravatar.com\/avatar\/801ad92a5ddc1aa68c5d38c2f7f894b6?s=96&d=mm&r=g","contentUrl":"https:\/\/secure.gravatar.com\/avatar\/801ad92a5ddc1aa68c5d38c2f7f894b6?s=96&d=mm&r=g","caption":"Andreia Garcia"},"url":"https:\/\/knowhate.eu\/pt-pt\/author\/kh-iscte\/"}]}},"_links":{"self":[{"href":"https:\/\/knowhate.eu\/pt-pt\/wp-json\/wp\/v2\/posts\/9964","targetHints":{"allow":["GET"]}}],"collection":[{"href":"https:\/\/knowhate.eu\/pt-pt\/wp-json\/wp\/v2\/posts"}],"about":[{"href":"https:\/\/knowhate.eu\/pt-pt\/wp-json\/wp\/v2\/types\/post"}],"author":[{"embeddable":true,"href":"https:\/\/knowhate.eu\/pt-pt\/wp-json\/wp\/v2\/users\/2"}],"replies":[{"embeddable":true,"href":"https:\/\/knowhate.eu\/pt-pt\/wp-json\/wp\/v2\/comments?post=9964"}],"version-history":[{"count":27,"href":"https:\/\/knowhate.eu\/pt-pt\/wp-json\/wp\/v2\/posts\/9964\/revisions"}],"predecessor-version":[{"id":10010,"href":"https:\/\/knowhate.eu\/pt-pt\/wp-json\/wp\/v2\/posts\/9964\/revisions\/10010"}],"wp:featuredmedia":[{"embeddable":true,"href":"https:\/\/knowhate.eu\/pt-pt\/wp-json\/wp\/v2\/media\/10131"}],"wp:attachment":[{"href":"https:\/\/knowhate.eu\/pt-pt\/wp-json\/wp\/v2\/media?parent=9964"}],"wp:term":[{"taxonomy":"category","embeddable":true,"href":"https:\/\/knowhate.eu\/pt-pt\/wp-json\/wp\/v2\/categories?post=9964"},{"taxonomy":"post_tag","embeddable":true,"href":"https:\/\/knowhate.eu\/pt-pt\/wp-json\/wp\/v2\/tags?post=9964"}],"curies":[{"name":"wp","href":"https:\/\/api.w.org\/{rel}","templated":true}]}}