{"id":11965,"date":"2026-04-01T13:22:11","date_gmt":"2026-04-01T13:22:11","guid":{"rendered":"https:\/\/knowhate.eu\/?p=11965"},"modified":"2026-04-01T13:23:17","modified_gmt":"2026-04-01T13:23:17","slug":"rita-guerra-participa-em-debate-sobre-discurso-de-odio-nas-redes-sociais-em-lisboa","status":"publish","type":"post","link":"https:\/\/knowhate.eu\/pt-pt\/2026\/04\/01\/rita-guerra-participa-em-debate-sobre-discurso-de-odio-nas-redes-sociais-em-lisboa\/","title":{"rendered":"Rita Guerra participa em debate sobre discurso de \u00f3dio nas redes sociais em Lisboa"},"content":{"rendered":"<p>A investigadora Rita Guerra, do CIS-Iscte, participou no 7.\u00ba Ciclo de Conversas promovido pela EAPN Portugal \/ Rede DLBC Lisboa, dedicado ao tema \u201cDiscurso de \u00d3dio nas Redes Sociais\u201d, que teve lugar no dia 31 de mar\u00e7o, no Audit\u00f3rio da Pol\u00edcia Judici\u00e1ria, em Lisboa. Coordenadora do projeto europeu kNOwHATE, Rita Guerra integrou um painel de especialistas que refletiu sobre a crescente interliga\u00e7\u00e3o entre discurso de \u00f3dio, desinforma\u00e7\u00e3o e propaganda nas plataformas digitais. A iniciativa pretendeu promover uma reflex\u00e3o coletiva sobre o papel das redes sociais na sociedade contempor\u00e2nea e sobre a necessidade de construir uma cidade mais justa e inclusiva, onde o debate p\u00fablico n\u00e3o seja corro\u00eddo pela normaliza\u00e7\u00e3o do \u00f3dio.<\/p>\n","protected":false},"excerpt":{"rendered":"<p>A investigadora Rita Guerra, do CIS-Iscte, participou no 7.\u00ba Ciclo de Conversas promovido pela EAPN Portugal \/ Rede DLBC Lisboa,<\/p>\n","protected":false},"author":2,"featured_media":11963,"comment_status":"closed","ping_status":"closed","sticky":false,"template":"","format":"standard","meta":{"footnotes":""},"categories":[92],"tags":[],"class_list":["post-11965","post","type-post","status-publish","format-standard","has-post-thumbnail","hentry","category-noticias"],"yoast_head":"<!-- This site is optimized with the Yoast SEO plugin v24.7 - https:\/\/yoast.com\/wordpress\/plugins\/seo\/ -->\n<title>Rita Guerra participa em debate sobre discurso de \u00f3dio nas redes sociais em Lisboa - Knowhate<\/title>\n<meta name=\"description\" content=\"Rita Guerra, do CIS-Iscte, participou no 7.\u00ba Ciclo de Conversas promovido pela EAPN Portugal \/ Rede DLBC Lisboa, dedicado ao tema \u201cDiscurso de \u00d3dio nas Redes Sociais\u201d, que teve lugar no dia 31 de mar\u00e7o, no Audit\u00f3rio da Pol\u00edcia Judici\u00e1ria, em Lisboa.\" \/>\n<meta name=\"robots\" content=\"index, follow, max-snippet:-1, max-image-preview:large, max-video-preview:-1\" \/>\n<link rel=\"canonical\" href=\"https:\/\/knowhate.eu\/pt-pt\/2026\/04\/01\/rita-guerra-participa-em-debate-sobre-discurso-de-odio-nas-redes-sociais-em-lisboa\/\" \/>\n<meta property=\"og:locale\" content=\"pt_PT\" \/>\n<meta property=\"og:type\" content=\"article\" \/>\n<meta property=\"og:title\" content=\"Rita Guerra participa em debate sobre discurso de \u00f3dio nas redes sociais em Lisboa - Knowhate\" \/>\n<meta property=\"og:description\" content=\"Rita Guerra, do CIS-Iscte, participou no 7.\u00ba Ciclo de Conversas promovido pela EAPN Portugal \/ Rede DLBC Lisboa, dedicado ao tema \u201cDiscurso de \u00d3dio nas Redes Sociais\u201d, que teve lugar no dia 31 de mar\u00e7o, no Audit\u00f3rio da Pol\u00edcia Judici\u00e1ria, em Lisboa.\" \/>\n<meta property=\"og:url\" content=\"https:\/\/knowhate.eu\/pt-pt\/2026\/04\/01\/rita-guerra-participa-em-debate-sobre-discurso-de-odio-nas-redes-sociais-em-lisboa\/\" \/>\n<meta property=\"og:site_name\" content=\"Knowhate\" \/>\n<meta property=\"article:published_time\" content=\"2026-04-01T13:22:11+00:00\" \/>\n<meta property=\"article:modified_time\" content=\"2026-04-01T13:23:17+00:00\" \/>\n<meta property=\"og:image\" content=\"https:\/\/knowhate.eu\/wp-content\/uploads\/2026\/04\/RitaGuerra_31Mar2026_red-scaled.jpg\" \/>\n\t<meta property=\"og:image:width\" content=\"2560\" \/>\n\t<meta property=\"og:image:height\" content=\"1920\" \/>\n\t<meta property=\"og:image:type\" content=\"image\/jpeg\" \/>\n<meta name=\"author\" content=\"Andreia Garcia\" \/>\n<meta name=\"twitter:card\" content=\"summary_large_image\" \/>\n<meta name=\"twitter:label1\" content=\"Escrito por\" \/>\n\t<meta name=\"twitter:data1\" content=\"Andreia Garcia\" \/>\n\t<meta name=\"twitter:label2\" content=\"Tempo estimado de leitura\" \/>\n\t<meta name=\"twitter:data2\" content=\"1 minuto\" \/>\n<script type=\"application\/ld+json\" class=\"yoast-schema-graph\">{\"@context\":\"https:\/\/schema.org\",\"@graph\":[{\"@type\":\"WebPage\",\"@id\":\"https:\/\/knowhate.eu\/pt-pt\/2026\/04\/01\/rita-guerra-participa-em-debate-sobre-discurso-de-odio-nas-redes-sociais-em-lisboa\/\",\"url\":\"https:\/\/knowhate.eu\/pt-pt\/2026\/04\/01\/rita-guerra-participa-em-debate-sobre-discurso-de-odio-nas-redes-sociais-em-lisboa\/\",\"name\":\"Rita Guerra participa em debate sobre discurso de \u00f3dio nas redes sociais em Lisboa - Knowhate\",\"isPartOf\":{\"@id\":\"https:\/\/knowhate.eu\/pt-pt\/#website\"},\"primaryImageOfPage\":{\"@id\":\"https:\/\/knowhate.eu\/pt-pt\/2026\/04\/01\/rita-guerra-participa-em-debate-sobre-discurso-de-odio-nas-redes-sociais-em-lisboa\/#primaryimage\"},\"image\":{\"@id\":\"https:\/\/knowhate.eu\/pt-pt\/2026\/04\/01\/rita-guerra-participa-em-debate-sobre-discurso-de-odio-nas-redes-sociais-em-lisboa\/#primaryimage\"},\"thumbnailUrl\":\"https:\/\/knowhate.eu\/wp-content\/uploads\/2026\/04\/RitaGuerra_31Mar2026_red-scaled.jpg\",\"datePublished\":\"2026-04-01T13:22:11+00:00\",\"dateModified\":\"2026-04-01T13:23:17+00:00\",\"author\":{\"@id\":\"https:\/\/knowhate.eu\/pt-pt\/#\/schema\/person\/82646a9e1402691ac2747f181dee1099\"},\"description\":\"Rita Guerra, do CIS-Iscte, participou no 7.\u00ba Ciclo de Conversas promovido pela EAPN Portugal \/ Rede DLBC Lisboa, dedicado ao tema \u201cDiscurso de \u00d3dio nas Redes Sociais\u201d, que teve lugar no dia 31 de mar\u00e7o, no Audit\u00f3rio da Pol\u00edcia Judici\u00e1ria, em Lisboa.\",\"breadcrumb\":{\"@id\":\"https:\/\/knowhate.eu\/pt-pt\/2026\/04\/01\/rita-guerra-participa-em-debate-sobre-discurso-de-odio-nas-redes-sociais-em-lisboa\/#breadcrumb\"},\"inLanguage\":\"pt-PT\",\"potentialAction\":[{\"@type\":\"ReadAction\",\"target\":[\"https:\/\/knowhate.eu\/pt-pt\/2026\/04\/01\/rita-guerra-participa-em-debate-sobre-discurso-de-odio-nas-redes-sociais-em-lisboa\/\"]}]},{\"@type\":\"ImageObject\",\"inLanguage\":\"pt-PT\",\"@id\":\"https:\/\/knowhate.eu\/pt-pt\/2026\/04\/01\/rita-guerra-participa-em-debate-sobre-discurso-de-odio-nas-redes-sociais-em-lisboa\/#primaryimage\",\"url\":\"https:\/\/knowhate.eu\/wp-content\/uploads\/2026\/04\/RitaGuerra_31Mar2026_red-scaled.jpg\",\"contentUrl\":\"https:\/\/knowhate.eu\/wp-content\/uploads\/2026\/04\/RitaGuerra_31Mar2026_red-scaled.jpg\",\"width\":2560,\"height\":1920},{\"@type\":\"BreadcrumbList\",\"@id\":\"https:\/\/knowhate.eu\/pt-pt\/2026\/04\/01\/rita-guerra-participa-em-debate-sobre-discurso-de-odio-nas-redes-sociais-em-lisboa\/#breadcrumb\",\"itemListElement\":[{\"@type\":\"ListItem\",\"position\":1,\"name\":\"Home\",\"item\":\"https:\/\/knowhate.eu\/pt-pt\/\"},{\"@type\":\"ListItem\",\"position\":2,\"name\":\"Rita Guerra participa em debate sobre discurso de \u00f3dio nas redes sociais em Lisboa\"}]},{\"@type\":\"WebSite\",\"@id\":\"https:\/\/knowhate.eu\/pt-pt\/#website\",\"url\":\"https:\/\/knowhate.eu\/pt-pt\/\",\"name\":\"Knowhate\",\"description\":\"kNOwing online HATE speech\",\"potentialAction\":[{\"@type\":\"SearchAction\",\"target\":{\"@type\":\"EntryPoint\",\"urlTemplate\":\"https:\/\/knowhate.eu\/pt-pt\/?s={search_term_string}\"},\"query-input\":{\"@type\":\"PropertyValueSpecification\",\"valueRequired\":true,\"valueName\":\"search_term_string\"}}],\"inLanguage\":\"pt-PT\"},{\"@type\":\"Person\",\"@id\":\"https:\/\/knowhate.eu\/pt-pt\/#\/schema\/person\/82646a9e1402691ac2747f181dee1099\",\"name\":\"Andreia Garcia\",\"image\":{\"@type\":\"ImageObject\",\"inLanguage\":\"pt-PT\",\"@id\":\"https:\/\/knowhate.eu\/pt-pt\/#\/schema\/person\/image\/\",\"url\":\"https:\/\/secure.gravatar.com\/avatar\/801ad92a5ddc1aa68c5d38c2f7f894b6?s=96&d=mm&r=g\",\"contentUrl\":\"https:\/\/secure.gravatar.com\/avatar\/801ad92a5ddc1aa68c5d38c2f7f894b6?s=96&d=mm&r=g\",\"caption\":\"Andreia Garcia\"},\"url\":\"https:\/\/knowhate.eu\/pt-pt\/author\/kh-iscte\/\"}]}<\/script>\n<!-- \/ Yoast SEO plugin. -->","yoast_head_json":{"title":"Rita Guerra participa em debate sobre discurso de \u00f3dio nas redes sociais em Lisboa - Knowhate","description":"Rita Guerra, do CIS-Iscte, participou no 7.\u00ba Ciclo de Conversas promovido pela EAPN Portugal \/ Rede DLBC Lisboa, dedicado ao tema \u201cDiscurso de \u00d3dio nas Redes Sociais\u201d, que teve lugar no dia 31 de mar\u00e7o, no Audit\u00f3rio da Pol\u00edcia Judici\u00e1ria, em Lisboa.","robots":{"index":"index","follow":"follow","max-snippet":"max-snippet:-1","max-image-preview":"max-image-preview:large","max-video-preview":"max-video-preview:-1"},"canonical":"https:\/\/knowhate.eu\/pt-pt\/2026\/04\/01\/rita-guerra-participa-em-debate-sobre-discurso-de-odio-nas-redes-sociais-em-lisboa\/","og_locale":"pt_PT","og_type":"article","og_title":"Rita Guerra participa em debate sobre discurso de \u00f3dio nas redes sociais em Lisboa - Knowhate","og_description":"Rita Guerra, do CIS-Iscte, participou no 7.\u00ba Ciclo de Conversas promovido pela EAPN Portugal \/ Rede DLBC Lisboa, dedicado ao tema \u201cDiscurso de \u00d3dio nas Redes Sociais\u201d, que teve lugar no dia 31 de mar\u00e7o, no Audit\u00f3rio da Pol\u00edcia Judici\u00e1ria, em Lisboa.","og_url":"https:\/\/knowhate.eu\/pt-pt\/2026\/04\/01\/rita-guerra-participa-em-debate-sobre-discurso-de-odio-nas-redes-sociais-em-lisboa\/","og_site_name":"Knowhate","article_published_time":"2026-04-01T13:22:11+00:00","article_modified_time":"2026-04-01T13:23:17+00:00","og_image":[{"width":2560,"height":1920,"url":"https:\/\/knowhate.eu\/wp-content\/uploads\/2026\/04\/RitaGuerra_31Mar2026_red-scaled.jpg","type":"image\/jpeg"}],"author":"Andreia Garcia","twitter_card":"summary_large_image","twitter_misc":{"Escrito por":"Andreia Garcia","Tempo estimado de leitura":"1 minuto"},"schema":{"@context":"https:\/\/schema.org","@graph":[{"@type":"WebPage","@id":"https:\/\/knowhate.eu\/pt-pt\/2026\/04\/01\/rita-guerra-participa-em-debate-sobre-discurso-de-odio-nas-redes-sociais-em-lisboa\/","url":"https:\/\/knowhate.eu\/pt-pt\/2026\/04\/01\/rita-guerra-participa-em-debate-sobre-discurso-de-odio-nas-redes-sociais-em-lisboa\/","name":"Rita Guerra participa em debate sobre discurso de \u00f3dio nas redes sociais em Lisboa - Knowhate","isPartOf":{"@id":"https:\/\/knowhate.eu\/pt-pt\/#website"},"primaryImageOfPage":{"@id":"https:\/\/knowhate.eu\/pt-pt\/2026\/04\/01\/rita-guerra-participa-em-debate-sobre-discurso-de-odio-nas-redes-sociais-em-lisboa\/#primaryimage"},"image":{"@id":"https:\/\/knowhate.eu\/pt-pt\/2026\/04\/01\/rita-guerra-participa-em-debate-sobre-discurso-de-odio-nas-redes-sociais-em-lisboa\/#primaryimage"},"thumbnailUrl":"https:\/\/knowhate.eu\/wp-content\/uploads\/2026\/04\/RitaGuerra_31Mar2026_red-scaled.jpg","datePublished":"2026-04-01T13:22:11+00:00","dateModified":"2026-04-01T13:23:17+00:00","author":{"@id":"https:\/\/knowhate.eu\/pt-pt\/#\/schema\/person\/82646a9e1402691ac2747f181dee1099"},"description":"Rita Guerra, do CIS-Iscte, participou no 7.\u00ba Ciclo de Conversas promovido pela EAPN Portugal \/ Rede DLBC Lisboa, dedicado ao tema \u201cDiscurso de \u00d3dio nas Redes Sociais\u201d, que teve lugar no dia 31 de mar\u00e7o, no Audit\u00f3rio da Pol\u00edcia Judici\u00e1ria, em Lisboa.","breadcrumb":{"@id":"https:\/\/knowhate.eu\/pt-pt\/2026\/04\/01\/rita-guerra-participa-em-debate-sobre-discurso-de-odio-nas-redes-sociais-em-lisboa\/#breadcrumb"},"inLanguage":"pt-PT","potentialAction":[{"@type":"ReadAction","target":["https:\/\/knowhate.eu\/pt-pt\/2026\/04\/01\/rita-guerra-participa-em-debate-sobre-discurso-de-odio-nas-redes-sociais-em-lisboa\/"]}]},{"@type":"ImageObject","inLanguage":"pt-PT","@id":"https:\/\/knowhate.eu\/pt-pt\/2026\/04\/01\/rita-guerra-participa-em-debate-sobre-discurso-de-odio-nas-redes-sociais-em-lisboa\/#primaryimage","url":"https:\/\/knowhate.eu\/wp-content\/uploads\/2026\/04\/RitaGuerra_31Mar2026_red-scaled.jpg","contentUrl":"https:\/\/knowhate.eu\/wp-content\/uploads\/2026\/04\/RitaGuerra_31Mar2026_red-scaled.jpg","width":2560,"height":1920},{"@type":"BreadcrumbList","@id":"https:\/\/knowhate.eu\/pt-pt\/2026\/04\/01\/rita-guerra-participa-em-debate-sobre-discurso-de-odio-nas-redes-sociais-em-lisboa\/#breadcrumb","itemListElement":[{"@type":"ListItem","position":1,"name":"Home","item":"https:\/\/knowhate.eu\/pt-pt\/"},{"@type":"ListItem","position":2,"name":"Rita Guerra participa em debate sobre discurso de \u00f3dio nas redes sociais em Lisboa"}]},{"@type":"WebSite","@id":"https:\/\/knowhate.eu\/pt-pt\/#website","url":"https:\/\/knowhate.eu\/pt-pt\/","name":"Knowhate","description":"kNOwing online HATE speech","potentialAction":[{"@type":"SearchAction","target":{"@type":"EntryPoint","urlTemplate":"https:\/\/knowhate.eu\/pt-pt\/?s={search_term_string}"},"query-input":{"@type":"PropertyValueSpecification","valueRequired":true,"valueName":"search_term_string"}}],"inLanguage":"pt-PT"},{"@type":"Person","@id":"https:\/\/knowhate.eu\/pt-pt\/#\/schema\/person\/82646a9e1402691ac2747f181dee1099","name":"Andreia Garcia","image":{"@type":"ImageObject","inLanguage":"pt-PT","@id":"https:\/\/knowhate.eu\/pt-pt\/#\/schema\/person\/image\/","url":"https:\/\/secure.gravatar.com\/avatar\/801ad92a5ddc1aa68c5d38c2f7f894b6?s=96&d=mm&r=g","contentUrl":"https:\/\/secure.gravatar.com\/avatar\/801ad92a5ddc1aa68c5d38c2f7f894b6?s=96&d=mm&r=g","caption":"Andreia Garcia"},"url":"https:\/\/knowhate.eu\/pt-pt\/author\/kh-iscte\/"}]}},"_links":{"self":[{"href":"https:\/\/knowhate.eu\/pt-pt\/wp-json\/wp\/v2\/posts\/11965","targetHints":{"allow":["GET"]}}],"collection":[{"href":"https:\/\/knowhate.eu\/pt-pt\/wp-json\/wp\/v2\/posts"}],"about":[{"href":"https:\/\/knowhate.eu\/pt-pt\/wp-json\/wp\/v2\/types\/post"}],"author":[{"embeddable":true,"href":"https:\/\/knowhate.eu\/pt-pt\/wp-json\/wp\/v2\/users\/2"}],"replies":[{"embeddable":true,"href":"https:\/\/knowhate.eu\/pt-pt\/wp-json\/wp\/v2\/comments?post=11965"}],"version-history":[{"count":1,"href":"https:\/\/knowhate.eu\/pt-pt\/wp-json\/wp\/v2\/posts\/11965\/revisions"}],"predecessor-version":[{"id":11966,"href":"https:\/\/knowhate.eu\/pt-pt\/wp-json\/wp\/v2\/posts\/11965\/revisions\/11966"}],"wp:featuredmedia":[{"embeddable":true,"href":"https:\/\/knowhate.eu\/pt-pt\/wp-json\/wp\/v2\/media\/11963"}],"wp:attachment":[{"href":"https:\/\/knowhate.eu\/pt-pt\/wp-json\/wp\/v2\/media?parent=11965"}],"wp:term":[{"taxonomy":"category","embeddable":true,"href":"https:\/\/knowhate.eu\/pt-pt\/wp-json\/wp\/v2\/categories?post=11965"},{"taxonomy":"post_tag","embeddable":true,"href":"https:\/\/knowhate.eu\/pt-pt\/wp-json\/wp\/v2\/tags?post=11965"}],"curies":[{"name":"wp","href":"https:\/\/api.w.org\/{rel}","templated":true}]}}