{"id":11921,"date":"2025-11-03T11:43:22","date_gmt":"2025-11-03T11:43:22","guid":{"rendered":"https:\/\/knowhate.eu\/?p=11921"},"modified":"2025-11-03T11:51:12","modified_gmt":"2025-11-03T11:51:12","slug":"rita-guerra-na-conferencia-de-abertura-do-projeto-cooperhate","status":"publish","type":"post","link":"https:\/\/knowhate.eu\/pt-pt\/2025\/11\/03\/rita-guerra-na-conferencia-de-abertura-do-projeto-cooperhate\/","title":{"rendered":"Rita Guerra na Confer\u00eancia de Abertura do projeto COOPERHATE"},"content":{"rendered":"<p>A investigadora Rita Guerra realizou uma palestra na Confer\u00eancia Europeia de Abertura do Projeto COOPERHATE \u2013 <span data-olk-copy-source=\"MessageBody\">Abordagem de coopera\u00e7\u00e3o multidisciplinar para prevenir e combater crimes de \u00f3dio e discurso de \u00f3dio<\/span>, que ocorreu no Iscte (Lisboa, Portugal) nos dias 23 e 24 de outubro.<\/p>\n<p>O evento, cofinanciado pela Uni\u00e3o Europeia, reuniu representantes de institui\u00e7\u00f5es europeias, organiza\u00e7\u00f5es da sociedade civil e especialistas internacionais para discutir abordagens multidisciplinares inovadoras para prevenir e combater crimes de \u00f3dio e discurso de \u00f3dio atrav\u00e9s da coopera\u00e7\u00e3o, forma\u00e7\u00e3o e sensibiliza\u00e7\u00e3o. A palestra de Rita Guerra intitulou-se \u00abO que (n\u00e3o) sabemos sobre o \u00f3dio em Portugal: Resultados, desafios e oportunidades do projeto kNOwHATE\u00bb e centrou-se nos resultados e impactos deste projeto. Rita faz parte do projeto COOPERHATE, representando o CIS-Iscte como parceiro.<\/p>\n<p>O <a href=\"https:\/\/ec.europa.eu\/info\/funding-tenders\/opportunities\/portal\/screen\/opportunities\/projects-details\/43251589\/101213938\/CERV\">COOPERHATE<\/a> \u00e9 um projeto financiado pela UE atrav\u00e9s do programa CERV, coordenado pela APAV \u2013 Associa\u00e7\u00e3o Portuguesa de Apoio \u00e0 V\u00edtima. Os parceiros incluem o BSAFE Lab da Universidade da Beira Interior, o Centro de Investiga\u00e7\u00e3o e Interven\u00e7\u00e3o Social do Instituto Universit\u00e1rio de Lisboa (CIS-Iscte), IPS_Innovative Prison Systems, SOS Racismo, ILGA Portugal, UREP \u2013 Uni\u00e3o dos Refugiados em Portugal, Pol\u00edcia Municipal de Lisboa, Tice.pt \u2013 Cluster Nacional Portugu\u00eas de TIC e BLUELINE \u2013 Estrat\u00e9gias de Gest\u00e3o e Marketing.<\/p>\n<p><img decoding=\"async\" class=\"alignnone size-medium wp-image-11916\" src=\"https:\/\/knowhate.eu\/wp-content\/uploads\/2025\/11\/Cooperhate_assinatura-400x115.jpg\" alt=\"\" width=\"400\" height=\"115\" srcset=\"https:\/\/knowhate.eu\/wp-content\/uploads\/2025\/11\/Cooperhate_assinatura-400x115.jpg 400w, https:\/\/knowhate.eu\/wp-content\/uploads\/2025\/11\/Cooperhate_assinatura-1300x375.jpg 1300w, https:\/\/knowhate.eu\/wp-content\/uploads\/2025\/11\/Cooperhate_assinatura-768x221.jpg 768w, https:\/\/knowhate.eu\/wp-content\/uploads\/2025\/11\/Cooperhate_assinatura-1536x442.jpg 1536w, https:\/\/knowhate.eu\/wp-content\/uploads\/2025\/11\/Cooperhate_assinatura-2048x590.jpg 2048w\" sizes=\"(max-width: 400px) 100vw, 400px\" \/><\/p>\n","protected":false},"excerpt":{"rendered":"<p>A investigadora Rita Guerra realizou uma palestra na Confer\u00eancia Europeia de Abertura do Projeto COOPERHATE \u2013 Abordagem de coopera\u00e7\u00e3o multidisciplinar<\/p>\n","protected":false},"author":2,"featured_media":11922,"comment_status":"closed","ping_status":"closed","sticky":false,"template":"","format":"standard","meta":{"footnotes":""},"categories":[92],"tags":[],"class_list":["post-11921","post","type-post","status-publish","format-standard","has-post-thumbnail","hentry","category-noticias"],"yoast_head":"<!-- This site is optimized with the Yoast SEO plugin v24.7 - https:\/\/yoast.com\/wordpress\/plugins\/seo\/ -->\n<title>Rita Guerra na Confer\u00eancia de Abertura do projeto COOPERHATE - Knowhate<\/title>\n<meta name=\"description\" content=\"A investigadora Rita Guerra realizou uma palestra na Confer\u00eancia Europeia de Abertura do Projeto COOPERHATE \u2013 Abordagem de coopera\u00e7\u00e3o multidisciplinar para prevenir e combater crimes de \u00f3dio e discurso de \u00f3dio\" \/>\n<meta name=\"robots\" content=\"index, follow, max-snippet:-1, max-image-preview:large, max-video-preview:-1\" \/>\n<link rel=\"canonical\" href=\"https:\/\/knowhate.eu\/pt-pt\/2025\/11\/03\/rita-guerra-na-conferencia-de-abertura-do-projeto-cooperhate\/\" \/>\n<meta property=\"og:locale\" content=\"pt_PT\" \/>\n<meta property=\"og:type\" content=\"article\" \/>\n<meta property=\"og:title\" content=\"Rita Guerra na Confer\u00eancia de Abertura do projeto COOPERHATE - Knowhate\" \/>\n<meta property=\"og:description\" content=\"A investigadora Rita Guerra realizou uma palestra na Confer\u00eancia Europeia de Abertura do Projeto COOPERHATE \u2013 Abordagem de coopera\u00e7\u00e3o multidisciplinar para prevenir e combater crimes de \u00f3dio e discurso de \u00f3dio\" \/>\n<meta property=\"og:url\" content=\"https:\/\/knowhate.eu\/pt-pt\/2025\/11\/03\/rita-guerra-na-conferencia-de-abertura-do-projeto-cooperhate\/\" \/>\n<meta property=\"og:site_name\" content=\"Knowhate\" \/>\n<meta property=\"article:published_time\" content=\"2025-11-03T11:43:22+00:00\" \/>\n<meta property=\"article:modified_time\" content=\"2025-11-03T11:51:12+00:00\" \/>\n<meta property=\"og:image\" content=\"https:\/\/knowhate.eu\/wp-content\/uploads\/2025\/11\/site_conf.png\" \/>\n\t<meta property=\"og:image:width\" content=\"1500\" \/>\n\t<meta property=\"og:image:height\" content=\"1012\" \/>\n\t<meta property=\"og:image:type\" content=\"image\/png\" \/>\n<meta name=\"author\" content=\"Andreia Garcia\" \/>\n<meta name=\"twitter:card\" content=\"summary_large_image\" \/>\n<meta name=\"twitter:label1\" content=\"Escrito por\" \/>\n\t<meta name=\"twitter:data1\" content=\"Andreia Garcia\" \/>\n\t<meta name=\"twitter:label2\" content=\"Tempo estimado de leitura\" \/>\n\t<meta name=\"twitter:data2\" content=\"2 minutos\" \/>\n<script type=\"application\/ld+json\" class=\"yoast-schema-graph\">{\"@context\":\"https:\/\/schema.org\",\"@graph\":[{\"@type\":\"WebPage\",\"@id\":\"https:\/\/knowhate.eu\/pt-pt\/2025\/11\/03\/rita-guerra-na-conferencia-de-abertura-do-projeto-cooperhate\/\",\"url\":\"https:\/\/knowhate.eu\/pt-pt\/2025\/11\/03\/rita-guerra-na-conferencia-de-abertura-do-projeto-cooperhate\/\",\"name\":\"Rita Guerra na Confer\u00eancia de Abertura do projeto COOPERHATE - Knowhate\",\"isPartOf\":{\"@id\":\"https:\/\/knowhate.eu\/pt-pt\/#website\"},\"primaryImageOfPage\":{\"@id\":\"https:\/\/knowhate.eu\/pt-pt\/2025\/11\/03\/rita-guerra-na-conferencia-de-abertura-do-projeto-cooperhate\/#primaryimage\"},\"image\":{\"@id\":\"https:\/\/knowhate.eu\/pt-pt\/2025\/11\/03\/rita-guerra-na-conferencia-de-abertura-do-projeto-cooperhate\/#primaryimage\"},\"thumbnailUrl\":\"https:\/\/knowhate.eu\/wp-content\/uploads\/2025\/11\/site_conf.png\",\"datePublished\":\"2025-11-03T11:43:22+00:00\",\"dateModified\":\"2025-11-03T11:51:12+00:00\",\"author\":{\"@id\":\"https:\/\/knowhate.eu\/pt-pt\/#\/schema\/person\/82646a9e1402691ac2747f181dee1099\"},\"description\":\"A investigadora Rita Guerra realizou uma palestra na Confer\u00eancia Europeia de Abertura do Projeto COOPERHATE \u2013 Abordagem de coopera\u00e7\u00e3o multidisciplinar para prevenir e combater crimes de \u00f3dio e discurso de \u00f3dio\",\"breadcrumb\":{\"@id\":\"https:\/\/knowhate.eu\/pt-pt\/2025\/11\/03\/rita-guerra-na-conferencia-de-abertura-do-projeto-cooperhate\/#breadcrumb\"},\"inLanguage\":\"pt-PT\",\"potentialAction\":[{\"@type\":\"ReadAction\",\"target\":[\"https:\/\/knowhate.eu\/pt-pt\/2025\/11\/03\/rita-guerra-na-conferencia-de-abertura-do-projeto-cooperhate\/\"]}]},{\"@type\":\"ImageObject\",\"inLanguage\":\"pt-PT\",\"@id\":\"https:\/\/knowhate.eu\/pt-pt\/2025\/11\/03\/rita-guerra-na-conferencia-de-abertura-do-projeto-cooperhate\/#primaryimage\",\"url\":\"https:\/\/knowhate.eu\/wp-content\/uploads\/2025\/11\/site_conf.png\",\"contentUrl\":\"https:\/\/knowhate.eu\/wp-content\/uploads\/2025\/11\/site_conf.png\",\"width\":1500,\"height\":1012},{\"@type\":\"BreadcrumbList\",\"@id\":\"https:\/\/knowhate.eu\/pt-pt\/2025\/11\/03\/rita-guerra-na-conferencia-de-abertura-do-projeto-cooperhate\/#breadcrumb\",\"itemListElement\":[{\"@type\":\"ListItem\",\"position\":1,\"name\":\"Home\",\"item\":\"https:\/\/knowhate.eu\/pt-pt\/\"},{\"@type\":\"ListItem\",\"position\":2,\"name\":\"Rita Guerra na Confer\u00eancia de Abertura do projeto COOPERHATE\"}]},{\"@type\":\"WebSite\",\"@id\":\"https:\/\/knowhate.eu\/pt-pt\/#website\",\"url\":\"https:\/\/knowhate.eu\/pt-pt\/\",\"name\":\"Knowhate\",\"description\":\"kNOwing online HATE speech\",\"potentialAction\":[{\"@type\":\"SearchAction\",\"target\":{\"@type\":\"EntryPoint\",\"urlTemplate\":\"https:\/\/knowhate.eu\/pt-pt\/?s={search_term_string}\"},\"query-input\":{\"@type\":\"PropertyValueSpecification\",\"valueRequired\":true,\"valueName\":\"search_term_string\"}}],\"inLanguage\":\"pt-PT\"},{\"@type\":\"Person\",\"@id\":\"https:\/\/knowhate.eu\/pt-pt\/#\/schema\/person\/82646a9e1402691ac2747f181dee1099\",\"name\":\"Andreia Garcia\",\"image\":{\"@type\":\"ImageObject\",\"inLanguage\":\"pt-PT\",\"@id\":\"https:\/\/knowhate.eu\/pt-pt\/#\/schema\/person\/image\/\",\"url\":\"https:\/\/secure.gravatar.com\/avatar\/801ad92a5ddc1aa68c5d38c2f7f894b6?s=96&d=mm&r=g\",\"contentUrl\":\"https:\/\/secure.gravatar.com\/avatar\/801ad92a5ddc1aa68c5d38c2f7f894b6?s=96&d=mm&r=g\",\"caption\":\"Andreia Garcia\"},\"url\":\"https:\/\/knowhate.eu\/pt-pt\/author\/kh-iscte\/\"}]}<\/script>\n<!-- \/ Yoast SEO plugin. -->","yoast_head_json":{"title":"Rita Guerra na Confer\u00eancia de Abertura do projeto COOPERHATE - Knowhate","description":"A investigadora Rita Guerra realizou uma palestra na Confer\u00eancia Europeia de Abertura do Projeto COOPERHATE \u2013 Abordagem de coopera\u00e7\u00e3o multidisciplinar para prevenir e combater crimes de \u00f3dio e discurso de \u00f3dio","robots":{"index":"index","follow":"follow","max-snippet":"max-snippet:-1","max-image-preview":"max-image-preview:large","max-video-preview":"max-video-preview:-1"},"canonical":"https:\/\/knowhate.eu\/pt-pt\/2025\/11\/03\/rita-guerra-na-conferencia-de-abertura-do-projeto-cooperhate\/","og_locale":"pt_PT","og_type":"article","og_title":"Rita Guerra na Confer\u00eancia de Abertura do projeto COOPERHATE - Knowhate","og_description":"A investigadora Rita Guerra realizou uma palestra na Confer\u00eancia Europeia de Abertura do Projeto COOPERHATE \u2013 Abordagem de coopera\u00e7\u00e3o multidisciplinar para prevenir e combater crimes de \u00f3dio e discurso de \u00f3dio","og_url":"https:\/\/knowhate.eu\/pt-pt\/2025\/11\/03\/rita-guerra-na-conferencia-de-abertura-do-projeto-cooperhate\/","og_site_name":"Knowhate","article_published_time":"2025-11-03T11:43:22+00:00","article_modified_time":"2025-11-03T11:51:12+00:00","og_image":[{"width":1500,"height":1012,"url":"https:\/\/knowhate.eu\/wp-content\/uploads\/2025\/11\/site_conf.png","type":"image\/png"}],"author":"Andreia Garcia","twitter_card":"summary_large_image","twitter_misc":{"Escrito por":"Andreia Garcia","Tempo estimado de leitura":"2 minutos"},"schema":{"@context":"https:\/\/schema.org","@graph":[{"@type":"WebPage","@id":"https:\/\/knowhate.eu\/pt-pt\/2025\/11\/03\/rita-guerra-na-conferencia-de-abertura-do-projeto-cooperhate\/","url":"https:\/\/knowhate.eu\/pt-pt\/2025\/11\/03\/rita-guerra-na-conferencia-de-abertura-do-projeto-cooperhate\/","name":"Rita Guerra na Confer\u00eancia de Abertura do projeto COOPERHATE - Knowhate","isPartOf":{"@id":"https:\/\/knowhate.eu\/pt-pt\/#website"},"primaryImageOfPage":{"@id":"https:\/\/knowhate.eu\/pt-pt\/2025\/11\/03\/rita-guerra-na-conferencia-de-abertura-do-projeto-cooperhate\/#primaryimage"},"image":{"@id":"https:\/\/knowhate.eu\/pt-pt\/2025\/11\/03\/rita-guerra-na-conferencia-de-abertura-do-projeto-cooperhate\/#primaryimage"},"thumbnailUrl":"https:\/\/knowhate.eu\/wp-content\/uploads\/2025\/11\/site_conf.png","datePublished":"2025-11-03T11:43:22+00:00","dateModified":"2025-11-03T11:51:12+00:00","author":{"@id":"https:\/\/knowhate.eu\/pt-pt\/#\/schema\/person\/82646a9e1402691ac2747f181dee1099"},"description":"A investigadora Rita Guerra realizou uma palestra na Confer\u00eancia Europeia de Abertura do Projeto COOPERHATE \u2013 Abordagem de coopera\u00e7\u00e3o multidisciplinar para prevenir e combater crimes de \u00f3dio e discurso de \u00f3dio","breadcrumb":{"@id":"https:\/\/knowhate.eu\/pt-pt\/2025\/11\/03\/rita-guerra-na-conferencia-de-abertura-do-projeto-cooperhate\/#breadcrumb"},"inLanguage":"pt-PT","potentialAction":[{"@type":"ReadAction","target":["https:\/\/knowhate.eu\/pt-pt\/2025\/11\/03\/rita-guerra-na-conferencia-de-abertura-do-projeto-cooperhate\/"]}]},{"@type":"ImageObject","inLanguage":"pt-PT","@id":"https:\/\/knowhate.eu\/pt-pt\/2025\/11\/03\/rita-guerra-na-conferencia-de-abertura-do-projeto-cooperhate\/#primaryimage","url":"https:\/\/knowhate.eu\/wp-content\/uploads\/2025\/11\/site_conf.png","contentUrl":"https:\/\/knowhate.eu\/wp-content\/uploads\/2025\/11\/site_conf.png","width":1500,"height":1012},{"@type":"BreadcrumbList","@id":"https:\/\/knowhate.eu\/pt-pt\/2025\/11\/03\/rita-guerra-na-conferencia-de-abertura-do-projeto-cooperhate\/#breadcrumb","itemListElement":[{"@type":"ListItem","position":1,"name":"Home","item":"https:\/\/knowhate.eu\/pt-pt\/"},{"@type":"ListItem","position":2,"name":"Rita Guerra na Confer\u00eancia de Abertura do projeto COOPERHATE"}]},{"@type":"WebSite","@id":"https:\/\/knowhate.eu\/pt-pt\/#website","url":"https:\/\/knowhate.eu\/pt-pt\/","name":"Knowhate","description":"kNOwing online HATE speech","potentialAction":[{"@type":"SearchAction","target":{"@type":"EntryPoint","urlTemplate":"https:\/\/knowhate.eu\/pt-pt\/?s={search_term_string}"},"query-input":{"@type":"PropertyValueSpecification","valueRequired":true,"valueName":"search_term_string"}}],"inLanguage":"pt-PT"},{"@type":"Person","@id":"https:\/\/knowhate.eu\/pt-pt\/#\/schema\/person\/82646a9e1402691ac2747f181dee1099","name":"Andreia Garcia","image":{"@type":"ImageObject","inLanguage":"pt-PT","@id":"https:\/\/knowhate.eu\/pt-pt\/#\/schema\/person\/image\/","url":"https:\/\/secure.gravatar.com\/avatar\/801ad92a5ddc1aa68c5d38c2f7f894b6?s=96&d=mm&r=g","contentUrl":"https:\/\/secure.gravatar.com\/avatar\/801ad92a5ddc1aa68c5d38c2f7f894b6?s=96&d=mm&r=g","caption":"Andreia Garcia"},"url":"https:\/\/knowhate.eu\/pt-pt\/author\/kh-iscte\/"}]}},"_links":{"self":[{"href":"https:\/\/knowhate.eu\/pt-pt\/wp-json\/wp\/v2\/posts\/11921","targetHints":{"allow":["GET"]}}],"collection":[{"href":"https:\/\/knowhate.eu\/pt-pt\/wp-json\/wp\/v2\/posts"}],"about":[{"href":"https:\/\/knowhate.eu\/pt-pt\/wp-json\/wp\/v2\/types\/post"}],"author":[{"embeddable":true,"href":"https:\/\/knowhate.eu\/pt-pt\/wp-json\/wp\/v2\/users\/2"}],"replies":[{"embeddable":true,"href":"https:\/\/knowhate.eu\/pt-pt\/wp-json\/wp\/v2\/comments?post=11921"}],"version-history":[{"count":1,"href":"https:\/\/knowhate.eu\/pt-pt\/wp-json\/wp\/v2\/posts\/11921\/revisions"}],"predecessor-version":[{"id":11924,"href":"https:\/\/knowhate.eu\/pt-pt\/wp-json\/wp\/v2\/posts\/11921\/revisions\/11924"}],"wp:featuredmedia":[{"embeddable":true,"href":"https:\/\/knowhate.eu\/pt-pt\/wp-json\/wp\/v2\/media\/11922"}],"wp:attachment":[{"href":"https:\/\/knowhate.eu\/pt-pt\/wp-json\/wp\/v2\/media?parent=11921"}],"wp:term":[{"taxonomy":"category","embeddable":true,"href":"https:\/\/knowhate.eu\/pt-pt\/wp-json\/wp\/v2\/categories?post=11921"},{"taxonomy":"post_tag","embeddable":true,"href":"https:\/\/knowhate.eu\/pt-pt\/wp-json\/wp\/v2\/tags?post=11921"}],"curies":[{"name":"wp","href":"https:\/\/api.w.org\/{rel}","templated":true}]}}