{"id":11899,"date":"2025-10-10T14:43:55","date_gmt":"2025-10-10T14:43:55","guid":{"rendered":"https:\/\/knowhate.eu\/?p=11899"},"modified":"2025-10-10T14:43:55","modified_gmt":"2025-10-10T14:43:55","slug":"investigadora-rita-guerra-participa-como-oradora-convidada-nos-ii-encontros-para-a-inclusao","status":"publish","type":"post","link":"https:\/\/knowhate.eu\/pt-pt\/2025\/10\/10\/investigadora-rita-guerra-participa-como-oradora-convidada-nos-ii-encontros-para-a-inclusao\/","title":{"rendered":"Investigadora Rita Guerra participa como oradora convidada nos II Encontros para a Inclus\u00e3o"},"content":{"rendered":"<p data-start=\"1111\" data-end=\"1569\">No dia <strong data-start=\"1118\" data-end=\"1133\">17 de junho<\/strong>, a investigadora <strong data-start=\"1151\" data-end=\"1166\">Rita Guerra<\/strong> participou como <strong data-start=\"1183\" data-end=\"1204\">oradora convidada<\/strong> na mesa redonda <em data-start=\"1221\" data-end=\"1271\">\u201cDesinforma\u00e7\u00e3o, Discursos de \u00d3dio e a Imigra\u00e7\u00e3o\u201d<\/em>, integrada nos <strong data-start=\"1287\" data-end=\"1319\">II Encontros para a Inclus\u00e3o<\/strong>, que decorreram no Centro Cultural e de Congressos das Caldas da Rainha. Esta foi mais uma oportunidade para apresentar e discutir\u00a0os principais resultados do <strong data-start=\"1461\" data-end=\"1481\">projeto kNOwHATE<\/strong>.<\/p>\n<p data-start=\"1571\" data-end=\"1903\">Os <strong data-start=\"1574\" data-end=\"1606\">II Encontros para a Inclus\u00e3o<\/strong>, uma iniciativa da <strong data-start=\"1626\" data-end=\"1696\">Unidade de Desenvolvimento Social do Munic\u00edpio de Caldas da Rainha<\/strong>, tiveram como objetivo promover a reflex\u00e3o e capacitar os participantes na interven\u00e7\u00e3o junto de pessoas em situa\u00e7\u00e3o de risco e exclus\u00e3o social, com enfoque nas tem\u00e1ticas da fam\u00edlia, comunidade e migra\u00e7\u00e3o.<\/p>\n","protected":false},"excerpt":{"rendered":"<p>No dia 17 de junho, a investigadora Rita Guerra participou como oradora convidada na mesa redonda \u201cDesinforma\u00e7\u00e3o, Discursos de \u00d3dio<\/p>\n","protected":false},"author":2,"featured_media":11896,"comment_status":"closed","ping_status":"closed","sticky":false,"template":"","format":"standard","meta":{"footnotes":""},"categories":[92],"tags":[],"class_list":["post-11899","post","type-post","status-publish","format-standard","has-post-thumbnail","hentry","category-noticias"],"yoast_head":"<!-- This site is optimized with the Yoast SEO plugin v24.7 - https:\/\/yoast.com\/wordpress\/plugins\/seo\/ -->\n<title>Investigadora Rita Guerra participa como oradora convidada nos II Encontros para a Inclus\u00e3o - Knowhate<\/title>\n<meta name=\"robots\" content=\"index, follow, max-snippet:-1, max-image-preview:large, max-video-preview:-1\" \/>\n<link rel=\"canonical\" href=\"https:\/\/knowhate.eu\/pt-pt\/2025\/10\/10\/investigadora-rita-guerra-participa-como-oradora-convidada-nos-ii-encontros-para-a-inclusao\/\" \/>\n<meta property=\"og:locale\" content=\"pt_PT\" \/>\n<meta property=\"og:type\" content=\"article\" \/>\n<meta property=\"og:title\" content=\"Investigadora Rita Guerra participa como oradora convidada nos II Encontros para a Inclus\u00e3o - Knowhate\" \/>\n<meta property=\"og:description\" content=\"No dia 17 de junho, a investigadora Rita Guerra participou como oradora convidada na mesa redonda \u201cDesinforma\u00e7\u00e3o, Discursos de \u00d3dio\" \/>\n<meta property=\"og:url\" content=\"https:\/\/knowhate.eu\/pt-pt\/2025\/10\/10\/investigadora-rita-guerra-participa-como-oradora-convidada-nos-ii-encontros-para-a-inclusao\/\" \/>\n<meta property=\"og:site_name\" content=\"Knowhate\" \/>\n<meta property=\"article:published_time\" content=\"2025-10-10T14:43:55+00:00\" \/>\n<meta property=\"og:image\" content=\"https:\/\/knowhate.eu\/wp-content\/uploads\/2025\/10\/encontrosinclusao2-1.jpg\" \/>\n\t<meta property=\"og:image:width\" content=\"670\" \/>\n\t<meta property=\"og:image:height\" content=\"503\" \/>\n\t<meta property=\"og:image:type\" content=\"image\/jpeg\" \/>\n<meta name=\"author\" content=\"Andreia Garcia\" \/>\n<meta name=\"twitter:card\" content=\"summary_large_image\" \/>\n<meta name=\"twitter:label1\" content=\"Escrito por\" \/>\n\t<meta name=\"twitter:data1\" content=\"Andreia Garcia\" \/>\n\t<meta name=\"twitter:label2\" content=\"Tempo estimado de leitura\" \/>\n\t<meta name=\"twitter:data2\" content=\"1 minuto\" \/>\n<script type=\"application\/ld+json\" class=\"yoast-schema-graph\">{\"@context\":\"https:\/\/schema.org\",\"@graph\":[{\"@type\":\"WebPage\",\"@id\":\"https:\/\/knowhate.eu\/pt-pt\/2025\/10\/10\/investigadora-rita-guerra-participa-como-oradora-convidada-nos-ii-encontros-para-a-inclusao\/\",\"url\":\"https:\/\/knowhate.eu\/pt-pt\/2025\/10\/10\/investigadora-rita-guerra-participa-como-oradora-convidada-nos-ii-encontros-para-a-inclusao\/\",\"name\":\"Investigadora Rita Guerra participa como oradora convidada nos II Encontros para a Inclus\u00e3o - Knowhate\",\"isPartOf\":{\"@id\":\"https:\/\/knowhate.eu\/pt-pt\/#website\"},\"primaryImageOfPage\":{\"@id\":\"https:\/\/knowhate.eu\/pt-pt\/2025\/10\/10\/investigadora-rita-guerra-participa-como-oradora-convidada-nos-ii-encontros-para-a-inclusao\/#primaryimage\"},\"image\":{\"@id\":\"https:\/\/knowhate.eu\/pt-pt\/2025\/10\/10\/investigadora-rita-guerra-participa-como-oradora-convidada-nos-ii-encontros-para-a-inclusao\/#primaryimage\"},\"thumbnailUrl\":\"https:\/\/knowhate.eu\/wp-content\/uploads\/2025\/10\/encontrosinclusao2-1.jpg\",\"datePublished\":\"2025-10-10T14:43:55+00:00\",\"author\":{\"@id\":\"https:\/\/knowhate.eu\/pt-pt\/#\/schema\/person\/82646a9e1402691ac2747f181dee1099\"},\"breadcrumb\":{\"@id\":\"https:\/\/knowhate.eu\/pt-pt\/2025\/10\/10\/investigadora-rita-guerra-participa-como-oradora-convidada-nos-ii-encontros-para-a-inclusao\/#breadcrumb\"},\"inLanguage\":\"pt-PT\",\"potentialAction\":[{\"@type\":\"ReadAction\",\"target\":[\"https:\/\/knowhate.eu\/pt-pt\/2025\/10\/10\/investigadora-rita-guerra-participa-como-oradora-convidada-nos-ii-encontros-para-a-inclusao\/\"]}]},{\"@type\":\"ImageObject\",\"inLanguage\":\"pt-PT\",\"@id\":\"https:\/\/knowhate.eu\/pt-pt\/2025\/10\/10\/investigadora-rita-guerra-participa-como-oradora-convidada-nos-ii-encontros-para-a-inclusao\/#primaryimage\",\"url\":\"https:\/\/knowhate.eu\/wp-content\/uploads\/2025\/10\/encontrosinclusao2-1.jpg\",\"contentUrl\":\"https:\/\/knowhate.eu\/wp-content\/uploads\/2025\/10\/encontrosinclusao2-1.jpg\",\"width\":670,\"height\":503},{\"@type\":\"BreadcrumbList\",\"@id\":\"https:\/\/knowhate.eu\/pt-pt\/2025\/10\/10\/investigadora-rita-guerra-participa-como-oradora-convidada-nos-ii-encontros-para-a-inclusao\/#breadcrumb\",\"itemListElement\":[{\"@type\":\"ListItem\",\"position\":1,\"name\":\"Home\",\"item\":\"https:\/\/knowhate.eu\/pt-pt\/\"},{\"@type\":\"ListItem\",\"position\":2,\"name\":\"Investigadora Rita Guerra participa como oradora convidada nos II Encontros para a Inclus\u00e3o\"}]},{\"@type\":\"WebSite\",\"@id\":\"https:\/\/knowhate.eu\/pt-pt\/#website\",\"url\":\"https:\/\/knowhate.eu\/pt-pt\/\",\"name\":\"Knowhate\",\"description\":\"kNOwing online HATE speech\",\"potentialAction\":[{\"@type\":\"SearchAction\",\"target\":{\"@type\":\"EntryPoint\",\"urlTemplate\":\"https:\/\/knowhate.eu\/pt-pt\/?s={search_term_string}\"},\"query-input\":{\"@type\":\"PropertyValueSpecification\",\"valueRequired\":true,\"valueName\":\"search_term_string\"}}],\"inLanguage\":\"pt-PT\"},{\"@type\":\"Person\",\"@id\":\"https:\/\/knowhate.eu\/pt-pt\/#\/schema\/person\/82646a9e1402691ac2747f181dee1099\",\"name\":\"Andreia Garcia\",\"image\":{\"@type\":\"ImageObject\",\"inLanguage\":\"pt-PT\",\"@id\":\"https:\/\/knowhate.eu\/pt-pt\/#\/schema\/person\/image\/\",\"url\":\"https:\/\/secure.gravatar.com\/avatar\/801ad92a5ddc1aa68c5d38c2f7f894b6?s=96&d=mm&r=g\",\"contentUrl\":\"https:\/\/secure.gravatar.com\/avatar\/801ad92a5ddc1aa68c5d38c2f7f894b6?s=96&d=mm&r=g\",\"caption\":\"Andreia Garcia\"},\"url\":\"https:\/\/knowhate.eu\/pt-pt\/author\/kh-iscte\/\"}]}<\/script>\n<!-- \/ Yoast SEO plugin. -->","yoast_head_json":{"title":"Investigadora Rita Guerra participa como oradora convidada nos II Encontros para a Inclus\u00e3o - Knowhate","robots":{"index":"index","follow":"follow","max-snippet":"max-snippet:-1","max-image-preview":"max-image-preview:large","max-video-preview":"max-video-preview:-1"},"canonical":"https:\/\/knowhate.eu\/pt-pt\/2025\/10\/10\/investigadora-rita-guerra-participa-como-oradora-convidada-nos-ii-encontros-para-a-inclusao\/","og_locale":"pt_PT","og_type":"article","og_title":"Investigadora Rita Guerra participa como oradora convidada nos II Encontros para a Inclus\u00e3o - Knowhate","og_description":"No dia 17 de junho, a investigadora Rita Guerra participou como oradora convidada na mesa redonda \u201cDesinforma\u00e7\u00e3o, Discursos de \u00d3dio","og_url":"https:\/\/knowhate.eu\/pt-pt\/2025\/10\/10\/investigadora-rita-guerra-participa-como-oradora-convidada-nos-ii-encontros-para-a-inclusao\/","og_site_name":"Knowhate","article_published_time":"2025-10-10T14:43:55+00:00","og_image":[{"width":670,"height":503,"url":"https:\/\/knowhate.eu\/wp-content\/uploads\/2025\/10\/encontrosinclusao2-1.jpg","type":"image\/jpeg"}],"author":"Andreia Garcia","twitter_card":"summary_large_image","twitter_misc":{"Escrito por":"Andreia Garcia","Tempo estimado de leitura":"1 minuto"},"schema":{"@context":"https:\/\/schema.org","@graph":[{"@type":"WebPage","@id":"https:\/\/knowhate.eu\/pt-pt\/2025\/10\/10\/investigadora-rita-guerra-participa-como-oradora-convidada-nos-ii-encontros-para-a-inclusao\/","url":"https:\/\/knowhate.eu\/pt-pt\/2025\/10\/10\/investigadora-rita-guerra-participa-como-oradora-convidada-nos-ii-encontros-para-a-inclusao\/","name":"Investigadora Rita Guerra participa como oradora convidada nos II Encontros para a Inclus\u00e3o - Knowhate","isPartOf":{"@id":"https:\/\/knowhate.eu\/pt-pt\/#website"},"primaryImageOfPage":{"@id":"https:\/\/knowhate.eu\/pt-pt\/2025\/10\/10\/investigadora-rita-guerra-participa-como-oradora-convidada-nos-ii-encontros-para-a-inclusao\/#primaryimage"},"image":{"@id":"https:\/\/knowhate.eu\/pt-pt\/2025\/10\/10\/investigadora-rita-guerra-participa-como-oradora-convidada-nos-ii-encontros-para-a-inclusao\/#primaryimage"},"thumbnailUrl":"https:\/\/knowhate.eu\/wp-content\/uploads\/2025\/10\/encontrosinclusao2-1.jpg","datePublished":"2025-10-10T14:43:55+00:00","author":{"@id":"https:\/\/knowhate.eu\/pt-pt\/#\/schema\/person\/82646a9e1402691ac2747f181dee1099"},"breadcrumb":{"@id":"https:\/\/knowhate.eu\/pt-pt\/2025\/10\/10\/investigadora-rita-guerra-participa-como-oradora-convidada-nos-ii-encontros-para-a-inclusao\/#breadcrumb"},"inLanguage":"pt-PT","potentialAction":[{"@type":"ReadAction","target":["https:\/\/knowhate.eu\/pt-pt\/2025\/10\/10\/investigadora-rita-guerra-participa-como-oradora-convidada-nos-ii-encontros-para-a-inclusao\/"]}]},{"@type":"ImageObject","inLanguage":"pt-PT","@id":"https:\/\/knowhate.eu\/pt-pt\/2025\/10\/10\/investigadora-rita-guerra-participa-como-oradora-convidada-nos-ii-encontros-para-a-inclusao\/#primaryimage","url":"https:\/\/knowhate.eu\/wp-content\/uploads\/2025\/10\/encontrosinclusao2-1.jpg","contentUrl":"https:\/\/knowhate.eu\/wp-content\/uploads\/2025\/10\/encontrosinclusao2-1.jpg","width":670,"height":503},{"@type":"BreadcrumbList","@id":"https:\/\/knowhate.eu\/pt-pt\/2025\/10\/10\/investigadora-rita-guerra-participa-como-oradora-convidada-nos-ii-encontros-para-a-inclusao\/#breadcrumb","itemListElement":[{"@type":"ListItem","position":1,"name":"Home","item":"https:\/\/knowhate.eu\/pt-pt\/"},{"@type":"ListItem","position":2,"name":"Investigadora Rita Guerra participa como oradora convidada nos II Encontros para a Inclus\u00e3o"}]},{"@type":"WebSite","@id":"https:\/\/knowhate.eu\/pt-pt\/#website","url":"https:\/\/knowhate.eu\/pt-pt\/","name":"Knowhate","description":"kNOwing online HATE speech","potentialAction":[{"@type":"SearchAction","target":{"@type":"EntryPoint","urlTemplate":"https:\/\/knowhate.eu\/pt-pt\/?s={search_term_string}"},"query-input":{"@type":"PropertyValueSpecification","valueRequired":true,"valueName":"search_term_string"}}],"inLanguage":"pt-PT"},{"@type":"Person","@id":"https:\/\/knowhate.eu\/pt-pt\/#\/schema\/person\/82646a9e1402691ac2747f181dee1099","name":"Andreia Garcia","image":{"@type":"ImageObject","inLanguage":"pt-PT","@id":"https:\/\/knowhate.eu\/pt-pt\/#\/schema\/person\/image\/","url":"https:\/\/secure.gravatar.com\/avatar\/801ad92a5ddc1aa68c5d38c2f7f894b6?s=96&d=mm&r=g","contentUrl":"https:\/\/secure.gravatar.com\/avatar\/801ad92a5ddc1aa68c5d38c2f7f894b6?s=96&d=mm&r=g","caption":"Andreia Garcia"},"url":"https:\/\/knowhate.eu\/pt-pt\/author\/kh-iscte\/"}]}},"_links":{"self":[{"href":"https:\/\/knowhate.eu\/pt-pt\/wp-json\/wp\/v2\/posts\/11899","targetHints":{"allow":["GET"]}}],"collection":[{"href":"https:\/\/knowhate.eu\/pt-pt\/wp-json\/wp\/v2\/posts"}],"about":[{"href":"https:\/\/knowhate.eu\/pt-pt\/wp-json\/wp\/v2\/types\/post"}],"author":[{"embeddable":true,"href":"https:\/\/knowhate.eu\/pt-pt\/wp-json\/wp\/v2\/users\/2"}],"replies":[{"embeddable":true,"href":"https:\/\/knowhate.eu\/pt-pt\/wp-json\/wp\/v2\/comments?post=11899"}],"version-history":[{"count":1,"href":"https:\/\/knowhate.eu\/pt-pt\/wp-json\/wp\/v2\/posts\/11899\/revisions"}],"predecessor-version":[{"id":11900,"href":"https:\/\/knowhate.eu\/pt-pt\/wp-json\/wp\/v2\/posts\/11899\/revisions\/11900"}],"wp:featuredmedia":[{"embeddable":true,"href":"https:\/\/knowhate.eu\/pt-pt\/wp-json\/wp\/v2\/media\/11896"}],"wp:attachment":[{"href":"https:\/\/knowhate.eu\/pt-pt\/wp-json\/wp\/v2\/media?parent=11899"}],"wp:term":[{"taxonomy":"category","embeddable":true,"href":"https:\/\/knowhate.eu\/pt-pt\/wp-json\/wp\/v2\/categories?post=11899"},{"taxonomy":"post_tag","embeddable":true,"href":"https:\/\/knowhate.eu\/pt-pt\/wp-json\/wp\/v2\/tags?post=11899"}],"curies":[{"name":"wp","href":"https:\/\/api.w.org\/{rel}","templated":true}]}}