{"id":11889,"date":"2025-07-14T16:38:58","date_gmt":"2025-07-14T16:38:58","guid":{"rendered":"https:\/\/knowhate.eu\/?p=11889"},"modified":"2025-07-14T16:38:58","modified_gmt":"2025-07-14T16:38:58","slug":"rita-guerra-participa-no-podcast-old-friends-sobre-aumento-de-crimes-de-odio-em-portugal","status":"publish","type":"post","link":"https:\/\/knowhate.eu\/pt-pt\/2025\/07\/14\/rita-guerra-participa-no-podcast-old-friends-sobre-aumento-de-crimes-de-odio-em-portugal\/","title":{"rendered":"Rita Guerra participa no podcast \u201cOld Friends\u201d sobre aumento de crimes de \u00f3dio em Portugal"},"content":{"rendered":"<p data-start=\"154\" data-end=\"191\"><span class=\"relative -mx-px my-[-0.2rem] rounded px-px py-[0.2rem] bg-[#FCECC1] dark:bg-[#64572A] transition-colors duration-100 ease-in-out\">A investigadora Rita\u202fGuerra, coordenadora do projeto europeu <strong data-start=\"61\" data-end=\"73\">kNOwHATE<\/strong>, marcou presen\u00e7a no epis\u00f3dio intitulado <strong data-start=\"114\" data-end=\"131\">\u201cHate crimes\u201d<\/strong> do podcast <strong data-start=\"143\" data-end=\"160\"><em data-start=\"145\" data-end=\"158\" data-is-only-node=\"\">Old Friends<\/em><\/strong>, da Antena\u202f1, onde se discutiram as preocupantes tend\u00eancias recentes no reporte de crimes de \u00f3dio em Portugal.<\/span><\/p>\n<p data-start=\"193\" data-end=\"269\"><span class=\"relative -mx-px my-[-0.2rem] rounded px-px py-[0.2rem] transition-colors duration-100 ease-in-out\">No programa, Rita apresentou dados do kNOwHATE que revelam um crescimento significativo nos crimes e incita\u00e7\u00e3o ao \u00f3dio registados pelas autoridades portuguesas. <a href=\"https:\/\/www.portugalresident.com\/hate-crimes-in-portugal-skyrocket-in-five-years\/\">Em 2024, registaram-se 421 desses crimes, o valor mais alto desde que h\u00e1 estat\u00edsticas, representando um aumento de mais de 200% nos \u00faltimos cinco anos<\/a><\/span>.<\/p>\n<p data-start=\"169\" data-end=\"423\">Rita Guerra, lead researcher and coordinator of the European project <strong data-start=\"238\" data-end=\"250\">kNOwHATE<\/strong>, was a featured guest on the Antena 1 podcast <strong data-start=\"297\" data-end=\"314\"><em data-start=\"299\" data-end=\"312\">Old Friends<\/em><\/strong>, in an episode titled <strong data-start=\"337\" data-end=\"354\">\u201cHate crimes\u201d<\/strong> dedicated to the recent surge in hate crime reports across Portugal.<\/p>\n<p data-start=\"425\" data-end=\"1076\">In the episode, Rita Guerra presented findings from the kNOwHATE project showing a significant increase in hate crimes and hate speech incidents reported to Portuguese authorities. In 2024 alone, 421 such crimes were registered, the highest number since records began, marking <a href=\"https:\/\/www.portugalresident.com\/hate-crimes-in-portugal-skyrocket-in-five-years\/\">a rise of over 200% in the last five years<\/a>.<\/p>\n<p data-start=\"1078\" data-end=\"1576\"><span class=\"relative -mx-px my-[-0.2rem] rounded px-px py-[0.2rem] transition-colors duration-100 ease-in-out\">Al\u00e9m dos n\u00fameros, Rita destacou <a href=\"https:\/\/jornalproenca.pt\/discurso-de-odio-online-em-portugal\/\">os principais resultados do projeto<\/a>: a preval\u00eancia mais elevada de discurso de \u00f3dio <strong data-start=\"116\" data-end=\"128\">indireto<\/strong> em plataformas digitais como YouTube e Twitter\/X, comparativamente ao discurso de \u00f3dio direto<\/span>. <span class=\"relative -mx-px my-[-0.2rem] rounded px-px py-[0.2rem] transition-colors duration-100 ease-in-out\">Explicou ainda as distin\u00e7\u00f5es lingu\u00edsticas e emocionais entre os tipos de discurso, e sublinhou a import\u00e2ncia crescente do <em data-start=\"122\" data-end=\"139\">contra\u2011discurso<\/em> \u2013 particularmente no Twitter\/X \u2013 como caminho essencial para contrariar essas din\u00e2micas<\/span>. <span class=\"relative -mx-px my-[-0.2rem] rounded px-px py-[0.2rem] transition-colors duration-100 ease-in-out\">Rita <a href=\"https:\/\/www.rtp.pt\/noticias\/pais\/crimes-de-discriminacao-e-incitamento-ao-odio-e-a-violencia-aumentaram-mais-de-200_a1662957\">lamentou tamb\u00e9m a resposta ainda t\u00edmida das institui\u00e7\u00f5es nacionais perante o fen\u00f3meno, defendendo a necessidade de mais investimentos em monitoriza\u00e7\u00e3o e forma\u00e7\u00e3o<\/a>, tanto para profissionais como para o p\u00fablico em geral<\/span>.<\/p>\n<p data-start=\"504\" data-end=\"708\">O podcast <strong data-start=\"514\" data-end=\"531\"><em data-start=\"516\" data-end=\"529\">Old Friends<\/em><\/strong> proporcionou assim uma conversa profunda, entre mem\u00f3rias e experi\u00eancias, onde Rita Guerra trouxe o olhar acad\u00e9mico e anal\u00edtico sobre um problema que ganha urg\u00eancia em Portugal. Escute o epis\u00f3dio em: https:\/\/www.rtp.pt\/play\/p5481\/e862599\/old-friends<\/p>\n","protected":false},"excerpt":{"rendered":"<p>A investigadora Rita\u202fGuerra, coordenadora do projeto europeu kNOwHATE, marcou presen\u00e7a no epis\u00f3dio intitulado \u201cHate crimes\u201d do podcast Old Friends, da<\/p>\n","protected":false},"author":2,"featured_media":11886,"comment_status":"closed","ping_status":"closed","sticky":false,"template":"","format":"standard","meta":{"footnotes":""},"categories":[92,108],"tags":[],"class_list":["post-11889","post","type-post","status-publish","format-standard","has-post-thumbnail","hentry","category-noticias","category-o-que-dizem-sobre-nos"],"yoast_head":"<!-- This site is optimized with the Yoast SEO plugin v24.7 - https:\/\/yoast.com\/wordpress\/plugins\/seo\/ -->\n<title>Rita Guerra participa no podcast \u201cOld Friends\u201d sobre aumento de crimes de \u00f3dio em Portugal - Knowhate<\/title>\n<meta name=\"robots\" content=\"index, follow, max-snippet:-1, max-image-preview:large, max-video-preview:-1\" \/>\n<link rel=\"canonical\" href=\"https:\/\/knowhate.eu\/pt-pt\/2025\/07\/14\/rita-guerra-participa-no-podcast-old-friends-sobre-aumento-de-crimes-de-odio-em-portugal\/\" \/>\n<meta property=\"og:locale\" content=\"pt_PT\" \/>\n<meta property=\"og:type\" content=\"article\" \/>\n<meta property=\"og:title\" content=\"Rita Guerra participa no podcast \u201cOld Friends\u201d sobre aumento de crimes de \u00f3dio em Portugal - Knowhate\" \/>\n<meta property=\"og:description\" content=\"A investigadora Rita\u202fGuerra, coordenadora do projeto europeu kNOwHATE, marcou presen\u00e7a no epis\u00f3dio intitulado \u201cHate crimes\u201d do podcast Old Friends, da\" \/>\n<meta property=\"og:url\" content=\"https:\/\/knowhate.eu\/pt-pt\/2025\/07\/14\/rita-guerra-participa-no-podcast-old-friends-sobre-aumento-de-crimes-de-odio-em-portugal\/\" \/>\n<meta property=\"og:site_name\" content=\"Knowhate\" \/>\n<meta property=\"article:published_time\" content=\"2025-07-14T16:38:58+00:00\" \/>\n<meta property=\"og:image\" content=\"https:\/\/knowhate.eu\/wp-content\/uploads\/2025\/07\/podcast-jul-2025.png\" \/>\n\t<meta property=\"og:image:width\" content=\"1500\" \/>\n\t<meta property=\"og:image:height\" content=\"1012\" \/>\n\t<meta property=\"og:image:type\" content=\"image\/png\" \/>\n<meta name=\"author\" content=\"Andreia Garcia\" \/>\n<meta name=\"twitter:card\" content=\"summary_large_image\" \/>\n<meta name=\"twitter:label1\" content=\"Escrito por\" \/>\n\t<meta name=\"twitter:data1\" content=\"Andreia Garcia\" \/>\n\t<meta name=\"twitter:label2\" content=\"Tempo estimado de leitura\" \/>\n\t<meta name=\"twitter:data2\" content=\"2 minutos\" \/>\n<script type=\"application\/ld+json\" class=\"yoast-schema-graph\">{\"@context\":\"https:\/\/schema.org\",\"@graph\":[{\"@type\":\"WebPage\",\"@id\":\"https:\/\/knowhate.eu\/pt-pt\/2025\/07\/14\/rita-guerra-participa-no-podcast-old-friends-sobre-aumento-de-crimes-de-odio-em-portugal\/\",\"url\":\"https:\/\/knowhate.eu\/pt-pt\/2025\/07\/14\/rita-guerra-participa-no-podcast-old-friends-sobre-aumento-de-crimes-de-odio-em-portugal\/\",\"name\":\"Rita Guerra participa no podcast \u201cOld Friends\u201d sobre aumento de crimes de \u00f3dio em Portugal - Knowhate\",\"isPartOf\":{\"@id\":\"https:\/\/knowhate.eu\/pt-pt\/#website\"},\"primaryImageOfPage\":{\"@id\":\"https:\/\/knowhate.eu\/pt-pt\/2025\/07\/14\/rita-guerra-participa-no-podcast-old-friends-sobre-aumento-de-crimes-de-odio-em-portugal\/#primaryimage\"},\"image\":{\"@id\":\"https:\/\/knowhate.eu\/pt-pt\/2025\/07\/14\/rita-guerra-participa-no-podcast-old-friends-sobre-aumento-de-crimes-de-odio-em-portugal\/#primaryimage\"},\"thumbnailUrl\":\"https:\/\/knowhate.eu\/wp-content\/uploads\/2025\/07\/podcast-jul-2025.png\",\"datePublished\":\"2025-07-14T16:38:58+00:00\",\"author\":{\"@id\":\"https:\/\/knowhate.eu\/pt-pt\/#\/schema\/person\/82646a9e1402691ac2747f181dee1099\"},\"breadcrumb\":{\"@id\":\"https:\/\/knowhate.eu\/pt-pt\/2025\/07\/14\/rita-guerra-participa-no-podcast-old-friends-sobre-aumento-de-crimes-de-odio-em-portugal\/#breadcrumb\"},\"inLanguage\":\"pt-PT\",\"potentialAction\":[{\"@type\":\"ReadAction\",\"target\":[\"https:\/\/knowhate.eu\/pt-pt\/2025\/07\/14\/rita-guerra-participa-no-podcast-old-friends-sobre-aumento-de-crimes-de-odio-em-portugal\/\"]}]},{\"@type\":\"ImageObject\",\"inLanguage\":\"pt-PT\",\"@id\":\"https:\/\/knowhate.eu\/pt-pt\/2025\/07\/14\/rita-guerra-participa-no-podcast-old-friends-sobre-aumento-de-crimes-de-odio-em-portugal\/#primaryimage\",\"url\":\"https:\/\/knowhate.eu\/wp-content\/uploads\/2025\/07\/podcast-jul-2025.png\",\"contentUrl\":\"https:\/\/knowhate.eu\/wp-content\/uploads\/2025\/07\/podcast-jul-2025.png\",\"width\":1500,\"height\":1012},{\"@type\":\"BreadcrumbList\",\"@id\":\"https:\/\/knowhate.eu\/pt-pt\/2025\/07\/14\/rita-guerra-participa-no-podcast-old-friends-sobre-aumento-de-crimes-de-odio-em-portugal\/#breadcrumb\",\"itemListElement\":[{\"@type\":\"ListItem\",\"position\":1,\"name\":\"Home\",\"item\":\"https:\/\/knowhate.eu\/pt-pt\/\"},{\"@type\":\"ListItem\",\"position\":2,\"name\":\"Rita Guerra participa no podcast \u201cOld Friends\u201d sobre aumento de crimes de \u00f3dio em Portugal\"}]},{\"@type\":\"WebSite\",\"@id\":\"https:\/\/knowhate.eu\/pt-pt\/#website\",\"url\":\"https:\/\/knowhate.eu\/pt-pt\/\",\"name\":\"Knowhate\",\"description\":\"kNOwing online HATE speech\",\"potentialAction\":[{\"@type\":\"SearchAction\",\"target\":{\"@type\":\"EntryPoint\",\"urlTemplate\":\"https:\/\/knowhate.eu\/pt-pt\/?s={search_term_string}\"},\"query-input\":{\"@type\":\"PropertyValueSpecification\",\"valueRequired\":true,\"valueName\":\"search_term_string\"}}],\"inLanguage\":\"pt-PT\"},{\"@type\":\"Person\",\"@id\":\"https:\/\/knowhate.eu\/pt-pt\/#\/schema\/person\/82646a9e1402691ac2747f181dee1099\",\"name\":\"Andreia Garcia\",\"image\":{\"@type\":\"ImageObject\",\"inLanguage\":\"pt-PT\",\"@id\":\"https:\/\/knowhate.eu\/pt-pt\/#\/schema\/person\/image\/\",\"url\":\"https:\/\/secure.gravatar.com\/avatar\/801ad92a5ddc1aa68c5d38c2f7f894b6?s=96&d=mm&r=g\",\"contentUrl\":\"https:\/\/secure.gravatar.com\/avatar\/801ad92a5ddc1aa68c5d38c2f7f894b6?s=96&d=mm&r=g\",\"caption\":\"Andreia Garcia\"},\"url\":\"https:\/\/knowhate.eu\/pt-pt\/author\/kh-iscte\/\"}]}<\/script>\n<!-- \/ Yoast SEO plugin. -->","yoast_head_json":{"title":"Rita Guerra participa no podcast \u201cOld Friends\u201d sobre aumento de crimes de \u00f3dio em Portugal - Knowhate","robots":{"index":"index","follow":"follow","max-snippet":"max-snippet:-1","max-image-preview":"max-image-preview:large","max-video-preview":"max-video-preview:-1"},"canonical":"https:\/\/knowhate.eu\/pt-pt\/2025\/07\/14\/rita-guerra-participa-no-podcast-old-friends-sobre-aumento-de-crimes-de-odio-em-portugal\/","og_locale":"pt_PT","og_type":"article","og_title":"Rita Guerra participa no podcast \u201cOld Friends\u201d sobre aumento de crimes de \u00f3dio em Portugal - Knowhate","og_description":"A investigadora Rita\u202fGuerra, coordenadora do projeto europeu kNOwHATE, marcou presen\u00e7a no epis\u00f3dio intitulado \u201cHate crimes\u201d do podcast Old Friends, da","og_url":"https:\/\/knowhate.eu\/pt-pt\/2025\/07\/14\/rita-guerra-participa-no-podcast-old-friends-sobre-aumento-de-crimes-de-odio-em-portugal\/","og_site_name":"Knowhate","article_published_time":"2025-07-14T16:38:58+00:00","og_image":[{"width":1500,"height":1012,"url":"https:\/\/knowhate.eu\/wp-content\/uploads\/2025\/07\/podcast-jul-2025.png","type":"image\/png"}],"author":"Andreia Garcia","twitter_card":"summary_large_image","twitter_misc":{"Escrito por":"Andreia Garcia","Tempo estimado de leitura":"2 minutos"},"schema":{"@context":"https:\/\/schema.org","@graph":[{"@type":"WebPage","@id":"https:\/\/knowhate.eu\/pt-pt\/2025\/07\/14\/rita-guerra-participa-no-podcast-old-friends-sobre-aumento-de-crimes-de-odio-em-portugal\/","url":"https:\/\/knowhate.eu\/pt-pt\/2025\/07\/14\/rita-guerra-participa-no-podcast-old-friends-sobre-aumento-de-crimes-de-odio-em-portugal\/","name":"Rita Guerra participa no podcast \u201cOld Friends\u201d sobre aumento de crimes de \u00f3dio em Portugal - Knowhate","isPartOf":{"@id":"https:\/\/knowhate.eu\/pt-pt\/#website"},"primaryImageOfPage":{"@id":"https:\/\/knowhate.eu\/pt-pt\/2025\/07\/14\/rita-guerra-participa-no-podcast-old-friends-sobre-aumento-de-crimes-de-odio-em-portugal\/#primaryimage"},"image":{"@id":"https:\/\/knowhate.eu\/pt-pt\/2025\/07\/14\/rita-guerra-participa-no-podcast-old-friends-sobre-aumento-de-crimes-de-odio-em-portugal\/#primaryimage"},"thumbnailUrl":"https:\/\/knowhate.eu\/wp-content\/uploads\/2025\/07\/podcast-jul-2025.png","datePublished":"2025-07-14T16:38:58+00:00","author":{"@id":"https:\/\/knowhate.eu\/pt-pt\/#\/schema\/person\/82646a9e1402691ac2747f181dee1099"},"breadcrumb":{"@id":"https:\/\/knowhate.eu\/pt-pt\/2025\/07\/14\/rita-guerra-participa-no-podcast-old-friends-sobre-aumento-de-crimes-de-odio-em-portugal\/#breadcrumb"},"inLanguage":"pt-PT","potentialAction":[{"@type":"ReadAction","target":["https:\/\/knowhate.eu\/pt-pt\/2025\/07\/14\/rita-guerra-participa-no-podcast-old-friends-sobre-aumento-de-crimes-de-odio-em-portugal\/"]}]},{"@type":"ImageObject","inLanguage":"pt-PT","@id":"https:\/\/knowhate.eu\/pt-pt\/2025\/07\/14\/rita-guerra-participa-no-podcast-old-friends-sobre-aumento-de-crimes-de-odio-em-portugal\/#primaryimage","url":"https:\/\/knowhate.eu\/wp-content\/uploads\/2025\/07\/podcast-jul-2025.png","contentUrl":"https:\/\/knowhate.eu\/wp-content\/uploads\/2025\/07\/podcast-jul-2025.png","width":1500,"height":1012},{"@type":"BreadcrumbList","@id":"https:\/\/knowhate.eu\/pt-pt\/2025\/07\/14\/rita-guerra-participa-no-podcast-old-friends-sobre-aumento-de-crimes-de-odio-em-portugal\/#breadcrumb","itemListElement":[{"@type":"ListItem","position":1,"name":"Home","item":"https:\/\/knowhate.eu\/pt-pt\/"},{"@type":"ListItem","position":2,"name":"Rita Guerra participa no podcast \u201cOld Friends\u201d sobre aumento de crimes de \u00f3dio em Portugal"}]},{"@type":"WebSite","@id":"https:\/\/knowhate.eu\/pt-pt\/#website","url":"https:\/\/knowhate.eu\/pt-pt\/","name":"Knowhate","description":"kNOwing online HATE speech","potentialAction":[{"@type":"SearchAction","target":{"@type":"EntryPoint","urlTemplate":"https:\/\/knowhate.eu\/pt-pt\/?s={search_term_string}"},"query-input":{"@type":"PropertyValueSpecification","valueRequired":true,"valueName":"search_term_string"}}],"inLanguage":"pt-PT"},{"@type":"Person","@id":"https:\/\/knowhate.eu\/pt-pt\/#\/schema\/person\/82646a9e1402691ac2747f181dee1099","name":"Andreia Garcia","image":{"@type":"ImageObject","inLanguage":"pt-PT","@id":"https:\/\/knowhate.eu\/pt-pt\/#\/schema\/person\/image\/","url":"https:\/\/secure.gravatar.com\/avatar\/801ad92a5ddc1aa68c5d38c2f7f894b6?s=96&d=mm&r=g","contentUrl":"https:\/\/secure.gravatar.com\/avatar\/801ad92a5ddc1aa68c5d38c2f7f894b6?s=96&d=mm&r=g","caption":"Andreia Garcia"},"url":"https:\/\/knowhate.eu\/pt-pt\/author\/kh-iscte\/"}]}},"_links":{"self":[{"href":"https:\/\/knowhate.eu\/pt-pt\/wp-json\/wp\/v2\/posts\/11889","targetHints":{"allow":["GET"]}}],"collection":[{"href":"https:\/\/knowhate.eu\/pt-pt\/wp-json\/wp\/v2\/posts"}],"about":[{"href":"https:\/\/knowhate.eu\/pt-pt\/wp-json\/wp\/v2\/types\/post"}],"author":[{"embeddable":true,"href":"https:\/\/knowhate.eu\/pt-pt\/wp-json\/wp\/v2\/users\/2"}],"replies":[{"embeddable":true,"href":"https:\/\/knowhate.eu\/pt-pt\/wp-json\/wp\/v2\/comments?post=11889"}],"version-history":[{"count":1,"href":"https:\/\/knowhate.eu\/pt-pt\/wp-json\/wp\/v2\/posts\/11889\/revisions"}],"predecessor-version":[{"id":11890,"href":"https:\/\/knowhate.eu\/pt-pt\/wp-json\/wp\/v2\/posts\/11889\/revisions\/11890"}],"wp:featuredmedia":[{"embeddable":true,"href":"https:\/\/knowhate.eu\/pt-pt\/wp-json\/wp\/v2\/media\/11886"}],"wp:attachment":[{"href":"https:\/\/knowhate.eu\/pt-pt\/wp-json\/wp\/v2\/media?parent=11889"}],"wp:term":[{"taxonomy":"category","embeddable":true,"href":"https:\/\/knowhate.eu\/pt-pt\/wp-json\/wp\/v2\/categories?post=11889"},{"taxonomy":"post_tag","embeddable":true,"href":"https:\/\/knowhate.eu\/pt-pt\/wp-json\/wp\/v2\/tags?post=11889"}],"curies":[{"name":"wp","href":"https:\/\/api.w.org\/{rel}","templated":true}]}}