{"id":11879,"date":"2025-07-02T13:51:42","date_gmt":"2025-07-02T13:51:42","guid":{"rendered":"https:\/\/knowhate.eu\/?p=11879"},"modified":"2025-07-02T13:51:42","modified_gmt":"2025-07-02T13:51:42","slug":"resultados-do-knowhate-partilhados-nos-media-brasileiros","status":"publish","type":"post","link":"https:\/\/knowhate.eu\/pt-pt\/2025\/07\/02\/resultados-do-knowhate-partilhados-nos-media-brasileiros\/","title":{"rendered":"Resultados do kNOwHATE partilhados nos media brasileiros"},"content":{"rendered":"<p>Duas not\u00edcias foram partilhadas nos media brasileiros com declara\u00e7\u00f5es de Rita Guerra, coordenadora do kNOwHATE.<\/p>\n<p>A investigadora falou sobre o aumento de crimes de \u00f3dio em Portugal desde a pandemia da COVID, e o que pode estar na base desse aumento.<\/p>\n<p>&#8220;H\u00e1 fen\u00f3menos que aparecem conectados, como a desumaniza\u00e7\u00e3o do outro, por meio de compara\u00e7\u00f5es com animais, e o recurso frequente \u00e0 desinforma\u00e7\u00e3o &#8211; em v\u00e1rios pa\u00edses, por exemplo, o discurso de \u00f3dio relaciona a imigra\u00e7\u00e3o com quest\u00f5es de seguran\u00e7a p\u00fablica&#8221;, disse Rita Guerra. De acordo com as not\u00edcias, para a investigadora, o facto de o racismo n\u00e3o ser crime em Portugal dificulta o combate aos que o perpetram.<\/p>\n<p>Leia a not\u00edcia na <span style=\"text-decoration: underline;\"><span style=\"color: #ff0000;\"><a style=\"color: #ff0000; text-decoration: underline;\" href=\"https:\/\/www1.folha.uol.com.br\/mundo\/2025\/06\/aumento-de-crimes-de-odio-em-portugal-preocupa-europa.shtml\">Folha de S\u00e3o Paulo<\/a><\/span><\/span> e no <a href=\"https:\/\/www.publico.pt\/2025\/06\/29\/publico-brasil\/noticia\/aumento-crimes-odio-portugal-preocupa-europa-2138318\"><span style=\"text-decoration: underline;\"><span style=\"color: #ff0000; text-decoration: underline;\">P\u00fablico Brasil<\/span><\/span><\/a>.<\/p>\n","protected":false},"excerpt":{"rendered":"<p>Duas not\u00edcias foram partilhadas nos media brasileiros com declara\u00e7\u00f5es de Rita Guerra, coordenadora do kNOwHATE. A investigadora falou sobre o<\/p>\n","protected":false},"author":2,"featured_media":11871,"comment_status":"closed","ping_status":"closed","sticky":false,"template":"","format":"standard","meta":{"footnotes":""},"categories":[108],"tags":[],"class_list":["post-11879","post","type-post","status-publish","format-standard","has-post-thumbnail","hentry","category-o-que-dizem-sobre-nos"],"yoast_head":"<!-- This site is optimized with the Yoast SEO plugin v24.7 - https:\/\/yoast.com\/wordpress\/plugins\/seo\/ -->\n<title>Resultados do kNOwHATE partilhados nos media brasileiros - Knowhate<\/title>\n<meta name=\"robots\" content=\"index, follow, max-snippet:-1, max-image-preview:large, max-video-preview:-1\" \/>\n<link rel=\"canonical\" href=\"https:\/\/knowhate.eu\/pt-pt\/2025\/07\/02\/resultados-do-knowhate-partilhados-nos-media-brasileiros\/\" \/>\n<meta property=\"og:locale\" content=\"pt_PT\" \/>\n<meta property=\"og:type\" content=\"article\" \/>\n<meta property=\"og:title\" content=\"Resultados do kNOwHATE partilhados nos media brasileiros - Knowhate\" \/>\n<meta property=\"og:description\" content=\"Duas not\u00edcias foram partilhadas nos media brasileiros com declara\u00e7\u00f5es de Rita Guerra, coordenadora do kNOwHATE. A investigadora falou sobre o\" \/>\n<meta property=\"og:url\" content=\"https:\/\/knowhate.eu\/pt-pt\/2025\/07\/02\/resultados-do-knowhate-partilhados-nos-media-brasileiros\/\" \/>\n<meta property=\"og:site_name\" content=\"Knowhate\" \/>\n<meta property=\"article:published_time\" content=\"2025-07-02T13:51:42+00:00\" \/>\n<meta property=\"og:image\" content=\"https:\/\/knowhate.eu\/wp-content\/uploads\/2025\/07\/Noticias-jun-2025-BR.png\" \/>\n\t<meta property=\"og:image:width\" content=\"1500\" \/>\n\t<meta property=\"og:image:height\" content=\"1012\" \/>\n\t<meta property=\"og:image:type\" content=\"image\/png\" \/>\n<meta name=\"author\" content=\"Andreia Garcia\" \/>\n<meta name=\"twitter:card\" content=\"summary_large_image\" \/>\n<meta name=\"twitter:label1\" content=\"Escrito por\" \/>\n\t<meta name=\"twitter:data1\" content=\"Andreia Garcia\" \/>\n\t<meta name=\"twitter:label2\" content=\"Tempo estimado de leitura\" \/>\n\t<meta name=\"twitter:data2\" content=\"1 minuto\" \/>\n<script type=\"application\/ld+json\" class=\"yoast-schema-graph\">{\"@context\":\"https:\/\/schema.org\",\"@graph\":[{\"@type\":\"WebPage\",\"@id\":\"https:\/\/knowhate.eu\/pt-pt\/2025\/07\/02\/resultados-do-knowhate-partilhados-nos-media-brasileiros\/\",\"url\":\"https:\/\/knowhate.eu\/pt-pt\/2025\/07\/02\/resultados-do-knowhate-partilhados-nos-media-brasileiros\/\",\"name\":\"Resultados do kNOwHATE partilhados nos media brasileiros - Knowhate\",\"isPartOf\":{\"@id\":\"https:\/\/knowhate.eu\/pt-pt\/#website\"},\"primaryImageOfPage\":{\"@id\":\"https:\/\/knowhate.eu\/pt-pt\/2025\/07\/02\/resultados-do-knowhate-partilhados-nos-media-brasileiros\/#primaryimage\"},\"image\":{\"@id\":\"https:\/\/knowhate.eu\/pt-pt\/2025\/07\/02\/resultados-do-knowhate-partilhados-nos-media-brasileiros\/#primaryimage\"},\"thumbnailUrl\":\"https:\/\/knowhate.eu\/wp-content\/uploads\/2025\/07\/Noticias-jun-2025-BR.png\",\"datePublished\":\"2025-07-02T13:51:42+00:00\",\"author\":{\"@id\":\"https:\/\/knowhate.eu\/pt-pt\/#\/schema\/person\/82646a9e1402691ac2747f181dee1099\"},\"breadcrumb\":{\"@id\":\"https:\/\/knowhate.eu\/pt-pt\/2025\/07\/02\/resultados-do-knowhate-partilhados-nos-media-brasileiros\/#breadcrumb\"},\"inLanguage\":\"pt-PT\",\"potentialAction\":[{\"@type\":\"ReadAction\",\"target\":[\"https:\/\/knowhate.eu\/pt-pt\/2025\/07\/02\/resultados-do-knowhate-partilhados-nos-media-brasileiros\/\"]}]},{\"@type\":\"ImageObject\",\"inLanguage\":\"pt-PT\",\"@id\":\"https:\/\/knowhate.eu\/pt-pt\/2025\/07\/02\/resultados-do-knowhate-partilhados-nos-media-brasileiros\/#primaryimage\",\"url\":\"https:\/\/knowhate.eu\/wp-content\/uploads\/2025\/07\/Noticias-jun-2025-BR.png\",\"contentUrl\":\"https:\/\/knowhate.eu\/wp-content\/uploads\/2025\/07\/Noticias-jun-2025-BR.png\",\"width\":1500,\"height\":1012},{\"@type\":\"BreadcrumbList\",\"@id\":\"https:\/\/knowhate.eu\/pt-pt\/2025\/07\/02\/resultados-do-knowhate-partilhados-nos-media-brasileiros\/#breadcrumb\",\"itemListElement\":[{\"@type\":\"ListItem\",\"position\":1,\"name\":\"Home\",\"item\":\"https:\/\/knowhate.eu\/pt-pt\/\"},{\"@type\":\"ListItem\",\"position\":2,\"name\":\"Resultados do kNOwHATE partilhados nos media brasileiros\"}]},{\"@type\":\"WebSite\",\"@id\":\"https:\/\/knowhate.eu\/pt-pt\/#website\",\"url\":\"https:\/\/knowhate.eu\/pt-pt\/\",\"name\":\"Knowhate\",\"description\":\"kNOwing online HATE speech\",\"potentialAction\":[{\"@type\":\"SearchAction\",\"target\":{\"@type\":\"EntryPoint\",\"urlTemplate\":\"https:\/\/knowhate.eu\/pt-pt\/?s={search_term_string}\"},\"query-input\":{\"@type\":\"PropertyValueSpecification\",\"valueRequired\":true,\"valueName\":\"search_term_string\"}}],\"inLanguage\":\"pt-PT\"},{\"@type\":\"Person\",\"@id\":\"https:\/\/knowhate.eu\/pt-pt\/#\/schema\/person\/82646a9e1402691ac2747f181dee1099\",\"name\":\"Andreia Garcia\",\"image\":{\"@type\":\"ImageObject\",\"inLanguage\":\"pt-PT\",\"@id\":\"https:\/\/knowhate.eu\/pt-pt\/#\/schema\/person\/image\/\",\"url\":\"https:\/\/secure.gravatar.com\/avatar\/801ad92a5ddc1aa68c5d38c2f7f894b6?s=96&d=mm&r=g\",\"contentUrl\":\"https:\/\/secure.gravatar.com\/avatar\/801ad92a5ddc1aa68c5d38c2f7f894b6?s=96&d=mm&r=g\",\"caption\":\"Andreia Garcia\"},\"url\":\"https:\/\/knowhate.eu\/pt-pt\/author\/kh-iscte\/\"}]}<\/script>\n<!-- \/ Yoast SEO plugin. -->","yoast_head_json":{"title":"Resultados do kNOwHATE partilhados nos media brasileiros - Knowhate","robots":{"index":"index","follow":"follow","max-snippet":"max-snippet:-1","max-image-preview":"max-image-preview:large","max-video-preview":"max-video-preview:-1"},"canonical":"https:\/\/knowhate.eu\/pt-pt\/2025\/07\/02\/resultados-do-knowhate-partilhados-nos-media-brasileiros\/","og_locale":"pt_PT","og_type":"article","og_title":"Resultados do kNOwHATE partilhados nos media brasileiros - Knowhate","og_description":"Duas not\u00edcias foram partilhadas nos media brasileiros com declara\u00e7\u00f5es de Rita Guerra, coordenadora do kNOwHATE. A investigadora falou sobre o","og_url":"https:\/\/knowhate.eu\/pt-pt\/2025\/07\/02\/resultados-do-knowhate-partilhados-nos-media-brasileiros\/","og_site_name":"Knowhate","article_published_time":"2025-07-02T13:51:42+00:00","og_image":[{"width":1500,"height":1012,"url":"https:\/\/knowhate.eu\/wp-content\/uploads\/2025\/07\/Noticias-jun-2025-BR.png","type":"image\/png"}],"author":"Andreia Garcia","twitter_card":"summary_large_image","twitter_misc":{"Escrito por":"Andreia Garcia","Tempo estimado de leitura":"1 minuto"},"schema":{"@context":"https:\/\/schema.org","@graph":[{"@type":"WebPage","@id":"https:\/\/knowhate.eu\/pt-pt\/2025\/07\/02\/resultados-do-knowhate-partilhados-nos-media-brasileiros\/","url":"https:\/\/knowhate.eu\/pt-pt\/2025\/07\/02\/resultados-do-knowhate-partilhados-nos-media-brasileiros\/","name":"Resultados do kNOwHATE partilhados nos media brasileiros - Knowhate","isPartOf":{"@id":"https:\/\/knowhate.eu\/pt-pt\/#website"},"primaryImageOfPage":{"@id":"https:\/\/knowhate.eu\/pt-pt\/2025\/07\/02\/resultados-do-knowhate-partilhados-nos-media-brasileiros\/#primaryimage"},"image":{"@id":"https:\/\/knowhate.eu\/pt-pt\/2025\/07\/02\/resultados-do-knowhate-partilhados-nos-media-brasileiros\/#primaryimage"},"thumbnailUrl":"https:\/\/knowhate.eu\/wp-content\/uploads\/2025\/07\/Noticias-jun-2025-BR.png","datePublished":"2025-07-02T13:51:42+00:00","author":{"@id":"https:\/\/knowhate.eu\/pt-pt\/#\/schema\/person\/82646a9e1402691ac2747f181dee1099"},"breadcrumb":{"@id":"https:\/\/knowhate.eu\/pt-pt\/2025\/07\/02\/resultados-do-knowhate-partilhados-nos-media-brasileiros\/#breadcrumb"},"inLanguage":"pt-PT","potentialAction":[{"@type":"ReadAction","target":["https:\/\/knowhate.eu\/pt-pt\/2025\/07\/02\/resultados-do-knowhate-partilhados-nos-media-brasileiros\/"]}]},{"@type":"ImageObject","inLanguage":"pt-PT","@id":"https:\/\/knowhate.eu\/pt-pt\/2025\/07\/02\/resultados-do-knowhate-partilhados-nos-media-brasileiros\/#primaryimage","url":"https:\/\/knowhate.eu\/wp-content\/uploads\/2025\/07\/Noticias-jun-2025-BR.png","contentUrl":"https:\/\/knowhate.eu\/wp-content\/uploads\/2025\/07\/Noticias-jun-2025-BR.png","width":1500,"height":1012},{"@type":"BreadcrumbList","@id":"https:\/\/knowhate.eu\/pt-pt\/2025\/07\/02\/resultados-do-knowhate-partilhados-nos-media-brasileiros\/#breadcrumb","itemListElement":[{"@type":"ListItem","position":1,"name":"Home","item":"https:\/\/knowhate.eu\/pt-pt\/"},{"@type":"ListItem","position":2,"name":"Resultados do kNOwHATE partilhados nos media brasileiros"}]},{"@type":"WebSite","@id":"https:\/\/knowhate.eu\/pt-pt\/#website","url":"https:\/\/knowhate.eu\/pt-pt\/","name":"Knowhate","description":"kNOwing online HATE speech","potentialAction":[{"@type":"SearchAction","target":{"@type":"EntryPoint","urlTemplate":"https:\/\/knowhate.eu\/pt-pt\/?s={search_term_string}"},"query-input":{"@type":"PropertyValueSpecification","valueRequired":true,"valueName":"search_term_string"}}],"inLanguage":"pt-PT"},{"@type":"Person","@id":"https:\/\/knowhate.eu\/pt-pt\/#\/schema\/person\/82646a9e1402691ac2747f181dee1099","name":"Andreia Garcia","image":{"@type":"ImageObject","inLanguage":"pt-PT","@id":"https:\/\/knowhate.eu\/pt-pt\/#\/schema\/person\/image\/","url":"https:\/\/secure.gravatar.com\/avatar\/801ad92a5ddc1aa68c5d38c2f7f894b6?s=96&d=mm&r=g","contentUrl":"https:\/\/secure.gravatar.com\/avatar\/801ad92a5ddc1aa68c5d38c2f7f894b6?s=96&d=mm&r=g","caption":"Andreia Garcia"},"url":"https:\/\/knowhate.eu\/pt-pt\/author\/kh-iscte\/"}]}},"_links":{"self":[{"href":"https:\/\/knowhate.eu\/pt-pt\/wp-json\/wp\/v2\/posts\/11879","targetHints":{"allow":["GET"]}}],"collection":[{"href":"https:\/\/knowhate.eu\/pt-pt\/wp-json\/wp\/v2\/posts"}],"about":[{"href":"https:\/\/knowhate.eu\/pt-pt\/wp-json\/wp\/v2\/types\/post"}],"author":[{"embeddable":true,"href":"https:\/\/knowhate.eu\/pt-pt\/wp-json\/wp\/v2\/users\/2"}],"replies":[{"embeddable":true,"href":"https:\/\/knowhate.eu\/pt-pt\/wp-json\/wp\/v2\/comments?post=11879"}],"version-history":[{"count":1,"href":"https:\/\/knowhate.eu\/pt-pt\/wp-json\/wp\/v2\/posts\/11879\/revisions"}],"predecessor-version":[{"id":11880,"href":"https:\/\/knowhate.eu\/pt-pt\/wp-json\/wp\/v2\/posts\/11879\/revisions\/11880"}],"wp:featuredmedia":[{"embeddable":true,"href":"https:\/\/knowhate.eu\/pt-pt\/wp-json\/wp\/v2\/media\/11871"}],"wp:attachment":[{"href":"https:\/\/knowhate.eu\/pt-pt\/wp-json\/wp\/v2\/media?parent=11879"}],"wp:term":[{"taxonomy":"category","embeddable":true,"href":"https:\/\/knowhate.eu\/pt-pt\/wp-json\/wp\/v2\/categories?post=11879"},{"taxonomy":"post_tag","embeddable":true,"href":"https:\/\/knowhate.eu\/pt-pt\/wp-json\/wp\/v2\/tags?post=11879"}],"curies":[{"name":"wp","href":"https:\/\/api.w.org\/{rel}","templated":true}]}}