{"id":11827,"date":"2025-05-14T08:48:03","date_gmt":"2025-05-14T08:48:03","guid":{"rendered":"https:\/\/knowhate.eu\/?p=11827"},"modified":"2025-05-14T08:49:28","modified_gmt":"2025-05-14T08:49:28","slug":"rita-guerra-coordenadora-do-projeto-knowhate-participa-em-coloquio-em-interfaces-humanas-e-digitais","status":"publish","type":"post","link":"https:\/\/knowhate.eu\/pt-pt\/2025\/05\/14\/rita-guerra-coordenadora-do-projeto-knowhate-participa-em-coloquio-em-interfaces-humanas-e-digitais\/","title":{"rendered":"Investigadores do Iscte Participam no I Col\u00f3quio em Interfaces Humanas e Digitais da Universidade de Aveiro"},"content":{"rendered":"\t\t<div data-elementor-type=\"wp-post\" data-elementor-id=\"11827\" class=\"elementor elementor-11827\" data-elementor-post-type=\"post\">\n\t\t\t\t\t\t<section class=\"wd-negative-gap elementor-section elementor-top-section elementor-element elementor-element-039863b elementor-section-boxed elementor-section-height-default elementor-section-height-default\" data-id=\"039863b\" data-element_type=\"section\">\n\t\t\t\t\t\t<div class=\"elementor-container elementor-column-gap-default\">\n\t\t\t\t\t<div class=\"elementor-column elementor-col-100 elementor-top-column elementor-element elementor-element-afac552\" data-id=\"afac552\" data-element_type=\"column\">\n\t\t\t<div class=\"elementor-widget-wrap elementor-element-populated\">\n\t\t\t\t\t\t<div class=\"elementor-element elementor-element-c17d184 elementor-widget elementor-widget-wd_text_block\" data-id=\"c17d184\" data-element_type=\"widget\" data-widget_type=\"wd_text_block.default\">\n\t\t\t\t<div class=\"elementor-widget-container\">\n\t\t\t\t\t\t\t<div class=\"wd-text-block reset-last-child text-left\">\n\t\t\t\n\t\t\t<p data-sourcepos=\"3:1-3:416\">A investigadora do Iscte \u2013 Instituto Universit\u00e1rio de Lisboa e coordenadora do projeto kNOwHATE<strong>, Rita Guerra, <\/strong>e o investigador da BRU-Iscte, <strong>Tom\u00e1s Alves<\/strong>, foram convidados a participar no I Col\u00f3quio em Interfaces Humanas e Digitais. O evento, organizado pelo subgrupo Tradu\u00e7\u00e3o e Terminologia da Universidade de Aveiro, ter\u00e1 como tema central \u201cUm olhar interdisciplinar sobre a desinforma\u00e7\u00e3o e o discurso de \u00f3dio\u201d.<\/p><p data-sourcepos=\"5:1-5:338\">A apresenta\u00e7\u00e3o conjunta dos investigadores do Iscte, agendada para o dia <strong>23 de maio<\/strong> no Departamento de L\u00ednguas e Culturas, sala 2.5.6 da Universidade de Aveiro, intitula-se <strong>\u201cThere is nothing as practical as a good theory\u201d: Contributos da psicologia social para uma abordagem interdisciplinar ao discurso de \u00f3dio e \u00e0 desinforma\u00e7\u00e3o<\/strong>.<\/p><p data-sourcepos=\"7:1-7:608\">Nesta sess\u00e3o, Rita Guerra e Tom\u00e1s Alves partilhar\u00e3o as suas perspetivas e conhecimentos, explorando como a psicologia social pode contribuir para uma compreens\u00e3o mais aprofundada e para o desenvolvimento de estrat\u00e9gias eficazes no combate ao discurso de \u00f3dio e \u00e0 desinforma\u00e7\u00e3o no ambiente digital. A sua participa\u00e7\u00e3o sublinha a relev\u00e2ncia da investiga\u00e7\u00e3o desenvolvida no Iscte, nomeadamente no \u00e2mbito do projeto kNOwHATE, para abordar estes desafios complexos e multifacetados.<\/p><p data-sourcepos=\"9:1-9:408\">O I Col\u00f3quio em Interfaces Humanas e Digitais visa promover a discuss\u00e3o interdisciplinar sobre temas cruciais da intera\u00e7\u00e3o entre humanos e tecnologias digitais. A participa\u00e7\u00e3o de investigadores de diferentes \u00e1reas, como a psicologia e os estudos da linguagem, enriquece o debate e fomenta a cria\u00e7\u00e3o de abordagens mais hol\u00edsticas para compreender e mitigar fen\u00f3menos como a desinforma\u00e7\u00e3o e o discurso de \u00f3dio.<\/p><p data-sourcepos=\"11:1-11:221\">Para mais informa\u00e7\u00f5es sobre o I Col\u00f3quio em Interfaces Humanas e Digitais e para consultar o programa completo, visite o site oficial do evento: <a href=\"https:\/\/www.ua.pt\/pt\/cllc\/page\/57902\" target=\"_blank\" rel=\"noopener\">https:\/\/www.ua.pt\/pt\/cllc\/page\/57902<\/a><\/p>\n\t\t\t\t\t<\/div>\n\t\t\t\t\t\t<\/div>\n\t\t\t\t<\/div>\n\t\t\t\t\t<\/div>\n\t\t<\/div>\n\t\t\t\t\t<\/div>\n\t\t<\/section>\n\t\t\t\t<\/div>\n\t\t","protected":false},"excerpt":{"rendered":"<p>Investigadores do Iscte Participam no I Col\u00f3quio em Interfaces Humanas&#8230;<\/p>\n","protected":false},"author":2,"featured_media":11833,"comment_status":"open","ping_status":"open","sticky":false,"template":"","format":"image","meta":{"footnotes":""},"categories":[92,109],"tags":[],"class_list":["post-11827","post","type-post","status-publish","format-image","has-post-thumbnail","hentry","category-noticias","category-resultados-do-projeto","post_format-post-format-image"],"yoast_head":"<!-- This site is optimized with the Yoast SEO plugin v24.7 - https:\/\/yoast.com\/wordpress\/plugins\/seo\/ -->\n<title>Investigadores do Iscte Participam no I Col\u00f3quio em Interfaces Humanas e Digitais da Universidade de Aveiro - Knowhate<\/title>\n<meta name=\"description\" content=\"Rita Guerra, Coordenadora do Projeto kNOwHATE, participa em col\u00f3quio em Interfaces Humanas e Digitais na Universidade de Aveiro.\" \/>\n<meta name=\"robots\" content=\"index, follow, max-snippet:-1, max-image-preview:large, max-video-preview:-1\" \/>\n<link rel=\"canonical\" href=\"https:\/\/knowhate.eu\/pt-pt\/2025\/05\/14\/rita-guerra-coordenadora-do-projeto-knowhate-participa-em-coloquio-em-interfaces-humanas-e-digitais\/\" \/>\n<meta property=\"og:locale\" content=\"pt_PT\" \/>\n<meta property=\"og:type\" content=\"article\" \/>\n<meta property=\"og:title\" content=\"Investigadores do Iscte Participam no I Col\u00f3quio em Interfaces Humanas e Digitais da Universidade de Aveiro - Knowhate\" \/>\n<meta property=\"og:description\" content=\"Rita Guerra, Coordenadora do Projeto kNOwHATE, participa em col\u00f3quio em Interfaces Humanas e Digitais na Universidade de Aveiro.\" \/>\n<meta property=\"og:url\" content=\"https:\/\/knowhate.eu\/pt-pt\/2025\/05\/14\/rita-guerra-coordenadora-do-projeto-knowhate-participa-em-coloquio-em-interfaces-humanas-e-digitais\/\" \/>\n<meta property=\"og:site_name\" content=\"Knowhate\" \/>\n<meta property=\"article:published_time\" content=\"2025-05-14T08:48:03+00:00\" \/>\n<meta property=\"article:modified_time\" content=\"2025-05-14T08:49:28+00:00\" \/>\n<meta property=\"og:image\" content=\"https:\/\/knowhate.eu\/wp-content\/uploads\/2025\/05\/coloqio.png\" \/>\n\t<meta property=\"og:image:width\" content=\"622\" \/>\n\t<meta property=\"og:image:height\" content=\"379\" \/>\n\t<meta property=\"og:image:type\" content=\"image\/png\" \/>\n<meta name=\"author\" content=\"Andreia Garcia\" \/>\n<meta name=\"twitter:card\" content=\"summary_large_image\" \/>\n<meta name=\"twitter:label1\" content=\"Escrito por\" \/>\n\t<meta name=\"twitter:data1\" content=\"Andreia Garcia\" \/>\n\t<meta name=\"twitter:label2\" content=\"Tempo estimado de leitura\" \/>\n\t<meta name=\"twitter:data2\" content=\"2 minutos\" \/>\n<script type=\"application\/ld+json\" class=\"yoast-schema-graph\">{\"@context\":\"https:\/\/schema.org\",\"@graph\":[{\"@type\":\"WebPage\",\"@id\":\"https:\/\/knowhate.eu\/pt-pt\/2025\/05\/14\/rita-guerra-coordenadora-do-projeto-knowhate-participa-em-coloquio-em-interfaces-humanas-e-digitais\/\",\"url\":\"https:\/\/knowhate.eu\/pt-pt\/2025\/05\/14\/rita-guerra-coordenadora-do-projeto-knowhate-participa-em-coloquio-em-interfaces-humanas-e-digitais\/\",\"name\":\"Investigadores do Iscte Participam no I Col\u00f3quio em Interfaces Humanas e Digitais da Universidade de Aveiro - Knowhate\",\"isPartOf\":{\"@id\":\"https:\/\/knowhate.eu\/pt-pt\/#website\"},\"primaryImageOfPage\":{\"@id\":\"https:\/\/knowhate.eu\/pt-pt\/2025\/05\/14\/rita-guerra-coordenadora-do-projeto-knowhate-participa-em-coloquio-em-interfaces-humanas-e-digitais\/#primaryimage\"},\"image\":{\"@id\":\"https:\/\/knowhate.eu\/pt-pt\/2025\/05\/14\/rita-guerra-coordenadora-do-projeto-knowhate-participa-em-coloquio-em-interfaces-humanas-e-digitais\/#primaryimage\"},\"thumbnailUrl\":\"https:\/\/knowhate.eu\/wp-content\/uploads\/2025\/05\/coloqio.png\",\"datePublished\":\"2025-05-14T08:48:03+00:00\",\"dateModified\":\"2025-05-14T08:49:28+00:00\",\"author\":{\"@id\":\"https:\/\/knowhate.eu\/pt-pt\/#\/schema\/person\/82646a9e1402691ac2747f181dee1099\"},\"description\":\"Rita Guerra, Coordenadora do Projeto kNOwHATE, participa em col\u00f3quio em Interfaces Humanas e Digitais na Universidade de Aveiro.\",\"breadcrumb\":{\"@id\":\"https:\/\/knowhate.eu\/pt-pt\/2025\/05\/14\/rita-guerra-coordenadora-do-projeto-knowhate-participa-em-coloquio-em-interfaces-humanas-e-digitais\/#breadcrumb\"},\"inLanguage\":\"pt-PT\",\"potentialAction\":[{\"@type\":\"ReadAction\",\"target\":[\"https:\/\/knowhate.eu\/pt-pt\/2025\/05\/14\/rita-guerra-coordenadora-do-projeto-knowhate-participa-em-coloquio-em-interfaces-humanas-e-digitais\/\"]}]},{\"@type\":\"ImageObject\",\"inLanguage\":\"pt-PT\",\"@id\":\"https:\/\/knowhate.eu\/pt-pt\/2025\/05\/14\/rita-guerra-coordenadora-do-projeto-knowhate-participa-em-coloquio-em-interfaces-humanas-e-digitais\/#primaryimage\",\"url\":\"https:\/\/knowhate.eu\/wp-content\/uploads\/2025\/05\/coloqio.png\",\"contentUrl\":\"https:\/\/knowhate.eu\/wp-content\/uploads\/2025\/05\/coloqio.png\",\"width\":622,\"height\":379},{\"@type\":\"BreadcrumbList\",\"@id\":\"https:\/\/knowhate.eu\/pt-pt\/2025\/05\/14\/rita-guerra-coordenadora-do-projeto-knowhate-participa-em-coloquio-em-interfaces-humanas-e-digitais\/#breadcrumb\",\"itemListElement\":[{\"@type\":\"ListItem\",\"position\":1,\"name\":\"Home\",\"item\":\"https:\/\/knowhate.eu\/pt-pt\/\"},{\"@type\":\"ListItem\",\"position\":2,\"name\":\"Investigadores do Iscte Participam no I Col\u00f3quio em Interfaces Humanas e Digitais da Universidade de Aveiro\"}]},{\"@type\":\"WebSite\",\"@id\":\"https:\/\/knowhate.eu\/pt-pt\/#website\",\"url\":\"https:\/\/knowhate.eu\/pt-pt\/\",\"name\":\"Knowhate\",\"description\":\"kNOwing online HATE speech\",\"potentialAction\":[{\"@type\":\"SearchAction\",\"target\":{\"@type\":\"EntryPoint\",\"urlTemplate\":\"https:\/\/knowhate.eu\/pt-pt\/?s={search_term_string}\"},\"query-input\":{\"@type\":\"PropertyValueSpecification\",\"valueRequired\":true,\"valueName\":\"search_term_string\"}}],\"inLanguage\":\"pt-PT\"},{\"@type\":\"Person\",\"@id\":\"https:\/\/knowhate.eu\/pt-pt\/#\/schema\/person\/82646a9e1402691ac2747f181dee1099\",\"name\":\"Andreia Garcia\",\"image\":{\"@type\":\"ImageObject\",\"inLanguage\":\"pt-PT\",\"@id\":\"https:\/\/knowhate.eu\/pt-pt\/#\/schema\/person\/image\/\",\"url\":\"https:\/\/secure.gravatar.com\/avatar\/801ad92a5ddc1aa68c5d38c2f7f894b6?s=96&d=mm&r=g\",\"contentUrl\":\"https:\/\/secure.gravatar.com\/avatar\/801ad92a5ddc1aa68c5d38c2f7f894b6?s=96&d=mm&r=g\",\"caption\":\"Andreia Garcia\"},\"url\":\"https:\/\/knowhate.eu\/pt-pt\/author\/kh-iscte\/\"}]}<\/script>\n<!-- \/ Yoast SEO plugin. -->","yoast_head_json":{"title":"Investigadores do Iscte Participam no I Col\u00f3quio em Interfaces Humanas e Digitais da Universidade de Aveiro - Knowhate","description":"Rita Guerra, Coordenadora do Projeto kNOwHATE, participa em col\u00f3quio em Interfaces Humanas e Digitais na Universidade de Aveiro.","robots":{"index":"index","follow":"follow","max-snippet":"max-snippet:-1","max-image-preview":"max-image-preview:large","max-video-preview":"max-video-preview:-1"},"canonical":"https:\/\/knowhate.eu\/pt-pt\/2025\/05\/14\/rita-guerra-coordenadora-do-projeto-knowhate-participa-em-coloquio-em-interfaces-humanas-e-digitais\/","og_locale":"pt_PT","og_type":"article","og_title":"Investigadores do Iscte Participam no I Col\u00f3quio em Interfaces Humanas e Digitais da Universidade de Aveiro - Knowhate","og_description":"Rita Guerra, Coordenadora do Projeto kNOwHATE, participa em col\u00f3quio em Interfaces Humanas e Digitais na Universidade de Aveiro.","og_url":"https:\/\/knowhate.eu\/pt-pt\/2025\/05\/14\/rita-guerra-coordenadora-do-projeto-knowhate-participa-em-coloquio-em-interfaces-humanas-e-digitais\/","og_site_name":"Knowhate","article_published_time":"2025-05-14T08:48:03+00:00","article_modified_time":"2025-05-14T08:49:28+00:00","og_image":[{"width":622,"height":379,"url":"https:\/\/knowhate.eu\/wp-content\/uploads\/2025\/05\/coloqio.png","type":"image\/png"}],"author":"Andreia Garcia","twitter_card":"summary_large_image","twitter_misc":{"Escrito por":"Andreia Garcia","Tempo estimado de leitura":"2 minutos"},"schema":{"@context":"https:\/\/schema.org","@graph":[{"@type":"WebPage","@id":"https:\/\/knowhate.eu\/pt-pt\/2025\/05\/14\/rita-guerra-coordenadora-do-projeto-knowhate-participa-em-coloquio-em-interfaces-humanas-e-digitais\/","url":"https:\/\/knowhate.eu\/pt-pt\/2025\/05\/14\/rita-guerra-coordenadora-do-projeto-knowhate-participa-em-coloquio-em-interfaces-humanas-e-digitais\/","name":"Investigadores do Iscte Participam no I Col\u00f3quio em Interfaces Humanas e Digitais da Universidade de Aveiro - Knowhate","isPartOf":{"@id":"https:\/\/knowhate.eu\/pt-pt\/#website"},"primaryImageOfPage":{"@id":"https:\/\/knowhate.eu\/pt-pt\/2025\/05\/14\/rita-guerra-coordenadora-do-projeto-knowhate-participa-em-coloquio-em-interfaces-humanas-e-digitais\/#primaryimage"},"image":{"@id":"https:\/\/knowhate.eu\/pt-pt\/2025\/05\/14\/rita-guerra-coordenadora-do-projeto-knowhate-participa-em-coloquio-em-interfaces-humanas-e-digitais\/#primaryimage"},"thumbnailUrl":"https:\/\/knowhate.eu\/wp-content\/uploads\/2025\/05\/coloqio.png","datePublished":"2025-05-14T08:48:03+00:00","dateModified":"2025-05-14T08:49:28+00:00","author":{"@id":"https:\/\/knowhate.eu\/pt-pt\/#\/schema\/person\/82646a9e1402691ac2747f181dee1099"},"description":"Rita Guerra, Coordenadora do Projeto kNOwHATE, participa em col\u00f3quio em Interfaces Humanas e Digitais na Universidade de Aveiro.","breadcrumb":{"@id":"https:\/\/knowhate.eu\/pt-pt\/2025\/05\/14\/rita-guerra-coordenadora-do-projeto-knowhate-participa-em-coloquio-em-interfaces-humanas-e-digitais\/#breadcrumb"},"inLanguage":"pt-PT","potentialAction":[{"@type":"ReadAction","target":["https:\/\/knowhate.eu\/pt-pt\/2025\/05\/14\/rita-guerra-coordenadora-do-projeto-knowhate-participa-em-coloquio-em-interfaces-humanas-e-digitais\/"]}]},{"@type":"ImageObject","inLanguage":"pt-PT","@id":"https:\/\/knowhate.eu\/pt-pt\/2025\/05\/14\/rita-guerra-coordenadora-do-projeto-knowhate-participa-em-coloquio-em-interfaces-humanas-e-digitais\/#primaryimage","url":"https:\/\/knowhate.eu\/wp-content\/uploads\/2025\/05\/coloqio.png","contentUrl":"https:\/\/knowhate.eu\/wp-content\/uploads\/2025\/05\/coloqio.png","width":622,"height":379},{"@type":"BreadcrumbList","@id":"https:\/\/knowhate.eu\/pt-pt\/2025\/05\/14\/rita-guerra-coordenadora-do-projeto-knowhate-participa-em-coloquio-em-interfaces-humanas-e-digitais\/#breadcrumb","itemListElement":[{"@type":"ListItem","position":1,"name":"Home","item":"https:\/\/knowhate.eu\/pt-pt\/"},{"@type":"ListItem","position":2,"name":"Investigadores do Iscte Participam no I Col\u00f3quio em Interfaces Humanas e Digitais da Universidade de Aveiro"}]},{"@type":"WebSite","@id":"https:\/\/knowhate.eu\/pt-pt\/#website","url":"https:\/\/knowhate.eu\/pt-pt\/","name":"Knowhate","description":"kNOwing online HATE speech","potentialAction":[{"@type":"SearchAction","target":{"@type":"EntryPoint","urlTemplate":"https:\/\/knowhate.eu\/pt-pt\/?s={search_term_string}"},"query-input":{"@type":"PropertyValueSpecification","valueRequired":true,"valueName":"search_term_string"}}],"inLanguage":"pt-PT"},{"@type":"Person","@id":"https:\/\/knowhate.eu\/pt-pt\/#\/schema\/person\/82646a9e1402691ac2747f181dee1099","name":"Andreia Garcia","image":{"@type":"ImageObject","inLanguage":"pt-PT","@id":"https:\/\/knowhate.eu\/pt-pt\/#\/schema\/person\/image\/","url":"https:\/\/secure.gravatar.com\/avatar\/801ad92a5ddc1aa68c5d38c2f7f894b6?s=96&d=mm&r=g","contentUrl":"https:\/\/secure.gravatar.com\/avatar\/801ad92a5ddc1aa68c5d38c2f7f894b6?s=96&d=mm&r=g","caption":"Andreia Garcia"},"url":"https:\/\/knowhate.eu\/pt-pt\/author\/kh-iscte\/"}]}},"_links":{"self":[{"href":"https:\/\/knowhate.eu\/pt-pt\/wp-json\/wp\/v2\/posts\/11827","targetHints":{"allow":["GET"]}}],"collection":[{"href":"https:\/\/knowhate.eu\/pt-pt\/wp-json\/wp\/v2\/posts"}],"about":[{"href":"https:\/\/knowhate.eu\/pt-pt\/wp-json\/wp\/v2\/types\/post"}],"author":[{"embeddable":true,"href":"https:\/\/knowhate.eu\/pt-pt\/wp-json\/wp\/v2\/users\/2"}],"replies":[{"embeddable":true,"href":"https:\/\/knowhate.eu\/pt-pt\/wp-json\/wp\/v2\/comments?post=11827"}],"version-history":[{"count":7,"href":"https:\/\/knowhate.eu\/pt-pt\/wp-json\/wp\/v2\/posts\/11827\/revisions"}],"predecessor-version":[{"id":11837,"href":"https:\/\/knowhate.eu\/pt-pt\/wp-json\/wp\/v2\/posts\/11827\/revisions\/11837"}],"wp:featuredmedia":[{"embeddable":true,"href":"https:\/\/knowhate.eu\/pt-pt\/wp-json\/wp\/v2\/media\/11833"}],"wp:attachment":[{"href":"https:\/\/knowhate.eu\/pt-pt\/wp-json\/wp\/v2\/media?parent=11827"}],"wp:term":[{"taxonomy":"category","embeddable":true,"href":"https:\/\/knowhate.eu\/pt-pt\/wp-json\/wp\/v2\/categories?post=11827"},{"taxonomy":"post_tag","embeddable":true,"href":"https:\/\/knowhate.eu\/pt-pt\/wp-json\/wp\/v2\/tags?post=11827"}],"curies":[{"name":"wp","href":"https:\/\/api.w.org\/{rel}","templated":true}]}}