{"id":11521,"date":"2024-07-10T15:32:10","date_gmt":"2024-07-10T15:32:10","guid":{"rendered":"https:\/\/knowhate.eu\/?p=11521"},"modified":"2024-07-10T16:35:42","modified_gmt":"2024-07-10T16:35:42","slug":"discurso-de-odio-online-em-portugal-que-presente-e-que-futuro-conferencia-final-do-projeto-knowhate","status":"publish","type":"post","link":"https:\/\/knowhate.eu\/pt-pt\/2024\/07\/10\/discurso-de-odio-online-em-portugal-que-presente-e-que-futuro-conferencia-final-do-projeto-knowhate\/","title":{"rendered":"Discurso de \u00d3dio Online em Portugal: Que Presente e Que Futuro? &#8211; Confer\u00eancia final do projeto kNOwHATE"},"content":{"rendered":"\t\t<div data-elementor-type=\"wp-post\" data-elementor-id=\"11521\" class=\"elementor elementor-11521\" data-elementor-post-type=\"post\">\n\t\t\t\t\t\t<section class=\"wd-negative-gap elementor-section elementor-top-section elementor-element elementor-element-02d18cd elementor-section-boxed elementor-section-height-default elementor-section-height-default\" data-id=\"02d18cd\" data-element_type=\"section\">\n\t\t\t\t\t\t<div class=\"elementor-container elementor-column-gap-default\">\n\t\t\t\t\t<div class=\"elementor-column elementor-col-100 elementor-top-column elementor-element elementor-element-8c94680\" data-id=\"8c94680\" data-element_type=\"column\">\n\t\t\t<div class=\"elementor-widget-wrap elementor-element-populated\">\n\t\t\t\t\t\t<div class=\"elementor-element elementor-element-811ac53 elementor-widget elementor-widget-wd_text_block\" data-id=\"811ac53\" data-element_type=\"widget\" data-widget_type=\"wd_text_block.default\">\n\t\t\t\t<div class=\"elementor-widget-container\">\n\t\t\t\t\t\t\t<div class=\"wd-text-block reset-last-child text-left\">\n\t\t\t\n\t\t\t<h5>A an\u00e1lise do discurso de \u00f3dio online em Portugal esteve em destaque na confer\u00eancia final, realizada no dia 9 de julho no Iscte, do projeto kNOwHATE, financiado pela Uni\u00e3o Europeia.<\/h5>\n\t\t\t\t\t<\/div>\n\t\t\t\t\t\t<\/div>\n\t\t\t\t<\/div>\n\t\t\t\t\t<\/div>\n\t\t<\/div>\n\t\t\t\t\t<\/div>\n\t\t<\/section>\n\t\t\t\t<section class=\"wd-negative-gap elementor-section elementor-top-section elementor-element elementor-element-039863b elementor-section-boxed elementor-section-height-default elementor-section-height-default\" data-id=\"039863b\" data-element_type=\"section\">\n\t\t\t\t\t\t<div class=\"elementor-container elementor-column-gap-default\">\n\t\t\t\t\t<div class=\"elementor-column elementor-col-100 elementor-top-column elementor-element elementor-element-afac552\" data-id=\"afac552\" data-element_type=\"column\">\n\t\t\t<div class=\"elementor-widget-wrap elementor-element-populated\">\n\t\t\t\t\t\t<div class=\"elementor-element elementor-element-c17d184 elementor-widget elementor-widget-wd_text_block\" data-id=\"c17d184\" data-element_type=\"widget\" data-widget_type=\"wd_text_block.default\">\n\t\t\t\t<div class=\"elementor-widget-container\">\n\t\t\t\t\t\t\t<div class=\"wd-text-block reset-last-child text-left\">\n\t\t\t\n\t\t\t<p>Os investigadores do projeto apresentaram os principais resultados do projecto e ferramentas e recursos inovadores para compreender e combater este problema.<\/p><p><span style=\"font-size: 15px; text-align: var(--text-align); background-color: var(--wd-main-bgcolor); color: var(--wd-text-color);\">Uma das principais conclus\u00f5es do estudo \u00e9 que n\u00e3o h\u00e1 um discurso de \u00f3dio, mas sim m\u00faltiplos discursos, que mobilizam diferentes conte\u00fados e recorrem a estrat\u00e9gias lingu\u00edstico-discursivas diversificadas, sendo as formas de express\u00e3o mais veladas e subtis as mais prevalentes nos dados analisados. Segundo Rita Guerra, coordenadora do projeto, \"<\/span><em style=\"font-size: 15px; text-align: var(--text-align); background-color: var(--wd-main-bgcolor); color: var(--wd-text-color);\">o \u00f3dio esconde-se em mensagens aparentemente inofensivas, mas que carregam um grande potencial para causar danos<\/em><span style=\"font-size: 15px; text-align: var(--text-align); background-color: var(--wd-main-bgcolor); color: var(--wd-text-color);\">\".<\/span><\/p><p>Para ajudar a combater este problema, os investigadores do projeto kNOwHATE desenvolveram v\u00e1rios recursos. Um deles, \u00e9 um prot\u00f3tipo que utiliza IA para classificar automaticamente discursos de \u00f3dio em textos escritos em portugu\u00eas. Este prot\u00f3tipo est\u00e1 dispon\u00edvel em acesso aberto, e embora esteja ainda em desenvolvimento e n\u00e3o esteja isento de erro, permite aos utilizadores testar um sistema de dete\u00e7\u00e3o autom\u00e1tica e compreender o modo como estes sistemas funcionam.<span style=\"font-size: 15px; text-align: var(--text-align); background-color: var(--wd-main-bgcolor); color: var(--wd-text-color);\"><\/span><\/p>\n\t\t\t\t\t<\/div>\n\t\t\t\t\t\t<\/div>\n\t\t\t\t<\/div>\n\t\t\t\t\t<\/div>\n\t\t<\/div>\n\t\t\t\t\t<\/div>\n\t\t<\/section>\n\t\t\t\t<section class=\"wd-negative-gap elementor-section elementor-top-section elementor-element elementor-element-e392fa6 elementor-section-boxed elementor-section-height-default elementor-section-height-default\" data-id=\"e392fa6\" data-element_type=\"section\">\n\t\t\t\t\t\t<div class=\"elementor-container elementor-column-gap-default\">\n\t\t\t\t\t<div class=\"elementor-column elementor-col-100 elementor-top-column elementor-element elementor-element-b3c0fb0\" data-id=\"b3c0fb0\" data-element_type=\"column\">\n\t\t\t<div class=\"elementor-widget-wrap elementor-element-populated\">\n\t\t\t\t\t\t<div class=\"elementor-element elementor-element-b91b05c elementor-widget elementor-widget-wd_text_block\" data-id=\"b91b05c\" data-element_type=\"widget\" data-widget_type=\"wd_text_block.default\">\n\t\t\t\t<div class=\"elementor-widget-container\">\n\t\t\t\t\t\t\t<div class=\"wd-text-block reset-last-child text-left\">\n\t\t\t\n\t\t\t<h5>\u201c<em>Esta ferramenta pode ser utilizada num contexto mais educativo, isto \u00e9, no contexto de sala de aula. Mas essencialmente o principal p\u00fablico-alvo \u00e9 a maioria silenciosa, o cidad\u00e3o comum que n\u00e3o tem necessariamente forma\u00e7\u00e3o em engenharia e que pode at\u00e9 nem saber o que \u00e9 um algoritmo<\/em>\u201d referiu Rita Guerra, coordenadora do projeto.<\/h5>\n\t\t\t\t\t<\/div>\n\t\t\t\t\t\t<\/div>\n\t\t\t\t<\/div>\n\t\t\t\t\t<\/div>\n\t\t<\/div>\n\t\t\t\t\t<\/div>\n\t\t<\/section>\n\t\t\t\t<section class=\"wd-negative-gap elementor-section elementor-top-section elementor-element elementor-element-b7f8e19 elementor-section-boxed elementor-section-height-default elementor-section-height-default\" data-id=\"b7f8e19\" data-element_type=\"section\">\n\t\t\t\t\t\t<div class=\"elementor-container elementor-column-gap-default\">\n\t\t\t\t\t<div class=\"elementor-column elementor-col-100 elementor-top-column elementor-element elementor-element-8513404\" data-id=\"8513404\" data-element_type=\"column\">\n\t\t\t<div class=\"elementor-widget-wrap elementor-element-populated\">\n\t\t\t\t\t\t<div class=\"elementor-element elementor-element-ae3a4d3 elementor-widget__width-initial elementor-widget elementor-widget-wd_text_block\" data-id=\"ae3a4d3\" data-element_type=\"widget\" data-widget_type=\"wd_text_block.default\">\n\t\t\t\t<div class=\"elementor-widget-container\">\n\t\t\t\t\t\t\t<div class=\"wd-text-block reset-last-child text-left\">\n\t\t\t\n\t\t\t<p>A luta contra o discurso de \u00f3dio \u00e9 um desafio que exige a colabora\u00e7\u00e3o de todos e a utiliza\u00e7\u00e3o de respostas a m\u00faltiplos n\u00edveis. O combate eficaz a este fen\u00f3meno n\u00e3o pode ser feito apenas com modera\u00e7\u00e3o de conte\u00fados online e com recurso a mecanismos de detec\u00e7\u00e3o autom\u00e1tica. S\u00e3o necess\u00e1rias respostas legais, educativas, art\u00edsticas, de sensibiliza\u00e7\u00e3o acerca deste fen\u00f3meno. Com este objetivo o projecto desenvolveu a campanha #CortarOMalPelaRaiz, que inclui v\u00e1rios recursos online, um Podcast de 4 epis\u00f3dios, uma brochura, um folheto e um v\u00eddeo para as redes sociais. \u00c9 fundamental que as plataformas digitais, os governos, as escolas e a sociedade civil trabalhem em conjunto para criar um ambiente online mais seguro e inclusivo. O projeto KNOWHATE deu um importante passo nessa dire\u00e7\u00e3o, mas o caminho ainda \u00e9 longo.<\/p><p>O programa da confer\u00eancia contou ainda com a participa\u00e7\u00e3o da keynote speaker <strong>Sahana Udupa<\/strong>, professora de Media Antropology na LMU Universidade de Munique e especialista em discurso de \u00f3dio, que alertou para as enormes limita\u00e7\u00f5es dos actuais modelos de modera\u00e7\u00e3o de conte\u00fados baseados em aprendizagem autom\u00e1tica, destacando a necessidade de apostar em abordagens transparentes, reflexivas, e colaborativas na modera\u00e7\u00e3o de conte\u00fados.<\/p><p>Estiveram tamb\u00e9m presentes os parceiros da sociedade civil do projeto kNOwHATE, a <strong>SOS Racismo<\/strong>, a <strong>Casa do Brasil de Lisboa<\/strong> e a <strong>ILGA<\/strong>.<\/p><p>V\u00edctor Costa, representante da Casa do Brasil de Lisboa salientou a import\u00e2ncia da colabora\u00e7\u00e3o entre a academia e a sociedade civil referindo que \u201c<em>\u00e9 bom ver que o meio acad\u00e9mico e a sociedade civil se mobilizam para procurar compreender este fen\u00f3meno e se organizam para criar mecanismos de modera\u00e7\u00e3o<\/em>\u201d, destacando ainda que \u201c<em>o discurso de \u00f3dio est\u00e1 a come\u00e7ar a sair do espa\u00e7o online e a chegar aos espa\u00e7os comuns, ao espa\u00e7o de trabalho e de conv\u00edvio<\/em>.\u201d<\/p><p>Sara Sores, representante da ILGA salientou a preocupa\u00e7\u00e3o com o aumento do discurso de \u00f3dio, especialmente durante a pandemia. Segundo a representante da associa\u00e7\u00e3o, o discurso de \u00f3dio est\u00e1 a tornar-se cada vez mais presente nos nossos espa\u00e7os e nos nossos eventos, saindo do ambiente online e manifestando-se de uma forma cada vez mais concreta.<\/p><p>Jos\u00e9 Falc\u00e3o, representante da SOS Racismo, salientou a gravidade de alguns ataques recentes a pessoas migrantes como exemplos preocupantes da liga\u00e7\u00e3o entre o que ocorre na esfera online e offline, destacando a necessidade de se apostar em respostas legais adequadas e ainda na educa\u00e7\u00e3o como um meio para combater a prolifera\u00e7\u00e3o do racismo e da xenofobia.<\/p>\n\t\t\t\t\t<\/div>\n\t\t\t\t\t\t<\/div>\n\t\t\t\t<\/div>\n\t\t\t\t\t<\/div>\n\t\t<\/div>\n\t\t\t\t\t<\/div>\n\t\t<\/section>\n\t\t\t\t<section class=\"wd-negative-gap elementor-section elementor-top-section elementor-element elementor-element-0bebcb1 elementor-section-boxed elementor-section-height-default elementor-section-height-default\" data-id=\"0bebcb1\" data-element_type=\"section\">\n\t\t\t\t\t\t<div class=\"elementor-container elementor-column-gap-default\">\n\t\t\t\t\t<div class=\"elementor-column elementor-col-50 elementor-top-column elementor-element elementor-element-8292083\" data-id=\"8292083\" data-element_type=\"column\">\n\t\t\t<div class=\"elementor-widget-wrap elementor-element-populated\">\n\t\t\t\t\t\t<div class=\"elementor-element elementor-element-d7a6c0b elementor-widget elementor-widget-image\" data-id=\"d7a6c0b\" data-element_type=\"widget\" data-widget_type=\"image.default\">\n\t\t\t\t<div class=\"elementor-widget-container\">\n\t\t\t\t\t\t\t\t\t\t\t\t\t\t\t<img fetchpriority=\"high\" decoding=\"async\" width=\"1197\" height=\"800\" src=\"https:\/\/knowhate.eu\/wp-content\/uploads\/2024\/07\/conf-knowhate_mesa-1197x800.jpg\" class=\"attachment-large size-large wp-image-11552\" alt=\"\" srcset=\"https:\/\/knowhate.eu\/wp-content\/uploads\/2024\/07\/conf-knowhate_mesa-1197x800.jpg 1197w, https:\/\/knowhate.eu\/wp-content\/uploads\/2024\/07\/conf-knowhate_mesa-400x267.jpg 400w, https:\/\/knowhate.eu\/wp-content\/uploads\/2024\/07\/conf-knowhate_mesa-768x513.jpg 768w, https:\/\/knowhate.eu\/wp-content\/uploads\/2024\/07\/conf-knowhate_mesa.jpg 1224w\" sizes=\"(max-width: 1197px) 100vw, 1197px\" \/>\t\t\t\t\t\t\t\t\t\t\t\t\t\t\t<\/div>\n\t\t\t\t<\/div>\n\t\t\t\t\t<\/div>\n\t\t<\/div>\n\t\t\t\t<div class=\"elementor-column elementor-col-50 elementor-top-column elementor-element elementor-element-fa05a95\" data-id=\"fa05a95\" data-element_type=\"column\">\n\t\t\t<div class=\"elementor-widget-wrap elementor-element-populated\">\n\t\t\t\t\t\t<div class=\"elementor-element elementor-element-9ff7856 elementor-widget elementor-widget-image\" data-id=\"9ff7856\" data-element_type=\"widget\" data-widget_type=\"image.default\">\n\t\t\t\t<div class=\"elementor-widget-container\">\n\t\t\t\t\t\t\t\t\t\t\t\t\t\t\t<img decoding=\"async\" width=\"1200\" height=\"800\" src=\"https:\/\/knowhate.eu\/wp-content\/uploads\/2024\/07\/20240709-IUL_7310-1200x800.jpg\" class=\"attachment-large size-large wp-image-11550\" alt=\"\" srcset=\"https:\/\/knowhate.eu\/wp-content\/uploads\/2024\/07\/20240709-IUL_7310-1200x800.jpg 1200w, https:\/\/knowhate.eu\/wp-content\/uploads\/2024\/07\/20240709-IUL_7310-400x267.jpg 400w, https:\/\/knowhate.eu\/wp-content\/uploads\/2024\/07\/20240709-IUL_7310-768x512.jpg 768w, https:\/\/knowhate.eu\/wp-content\/uploads\/2024\/07\/20240709-IUL_7310-1536x1024.jpg 1536w, https:\/\/knowhate.eu\/wp-content\/uploads\/2024\/07\/20240709-IUL_7310.jpg 2048w\" sizes=\"(max-width: 1200px) 100vw, 1200px\" \/>\t\t\t\t\t\t\t\t\t\t\t\t\t\t\t<\/div>\n\t\t\t\t<\/div>\n\t\t\t\t\t<\/div>\n\t\t<\/div>\n\t\t\t\t\t<\/div>\n\t\t<\/section>\n\t\t\t\t<section class=\"wd-negative-gap elementor-section elementor-top-section elementor-element elementor-element-b9a0ec7 elementor-section-boxed elementor-section-height-default elementor-section-height-default\" data-id=\"b9a0ec7\" data-element_type=\"section\">\n\t\t\t\t\t\t<div class=\"elementor-container elementor-column-gap-default\">\n\t\t\t\t\t<div class=\"elementor-column elementor-col-50 elementor-top-column elementor-element elementor-element-717bc50\" data-id=\"717bc50\" data-element_type=\"column\">\n\t\t\t<div class=\"elementor-widget-wrap elementor-element-populated\">\n\t\t\t\t\t\t<div class=\"elementor-element elementor-element-313e37f elementor-widget elementor-widget-image\" data-id=\"313e37f\" data-element_type=\"widget\" data-widget_type=\"image.default\">\n\t\t\t\t<div class=\"elementor-widget-container\">\n\t\t\t\t\t\t\t\t\t\t\t\t\t\t\t<img decoding=\"async\" width=\"1067\" height=\"800\" src=\"https:\/\/knowhate.eu\/wp-content\/uploads\/2024\/07\/kNOwHATE-Conf-Final-Encerramento-02-1-1067x800.jpg\" class=\"attachment-large size-large wp-image-11545\" alt=\"\" srcset=\"https:\/\/knowhate.eu\/wp-content\/uploads\/2024\/07\/kNOwHATE-Conf-Final-Encerramento-02-1-1067x800.jpg 1067w, https:\/\/knowhate.eu\/wp-content\/uploads\/2024\/07\/kNOwHATE-Conf-Final-Encerramento-02-1-400x300.jpg 400w, https:\/\/knowhate.eu\/wp-content\/uploads\/2024\/07\/kNOwHATE-Conf-Final-Encerramento-02-1-768x576.jpg 768w, https:\/\/knowhate.eu\/wp-content\/uploads\/2024\/07\/kNOwHATE-Conf-Final-Encerramento-02-1-1536x1152.jpg 1536w, https:\/\/knowhate.eu\/wp-content\/uploads\/2024\/07\/kNOwHATE-Conf-Final-Encerramento-02-1.jpg 2048w\" sizes=\"(max-width: 1067px) 100vw, 1067px\" \/>\t\t\t\t\t\t\t\t\t\t\t\t\t\t\t<\/div>\n\t\t\t\t<\/div>\n\t\t\t\t\t<\/div>\n\t\t<\/div>\n\t\t\t\t<div class=\"elementor-column elementor-col-50 elementor-top-column elementor-element elementor-element-567d962\" data-id=\"567d962\" data-element_type=\"column\">\n\t\t\t<div class=\"elementor-widget-wrap elementor-element-populated\">\n\t\t\t\t\t\t<div class=\"elementor-element elementor-element-49c7445 elementor-widget elementor-widget-image\" data-id=\"49c7445\" data-element_type=\"widget\" data-widget_type=\"image.default\">\n\t\t\t\t<div class=\"elementor-widget-container\">\n\t\t\t\t\t\t\t\t\t\t\t\t\t\t\t<img loading=\"lazy\" decoding=\"async\" width=\"1067\" height=\"800\" src=\"https:\/\/knowhate.eu\/wp-content\/uploads\/2024\/07\/kNOwHATE-Conf-Final-Encerramento-09-1-1067x800.jpg\" class=\"attachment-large size-large wp-image-11547\" alt=\"\" srcset=\"https:\/\/knowhate.eu\/wp-content\/uploads\/2024\/07\/kNOwHATE-Conf-Final-Encerramento-09-1-1067x800.jpg 1067w, https:\/\/knowhate.eu\/wp-content\/uploads\/2024\/07\/kNOwHATE-Conf-Final-Encerramento-09-1-400x300.jpg 400w, https:\/\/knowhate.eu\/wp-content\/uploads\/2024\/07\/kNOwHATE-Conf-Final-Encerramento-09-1-768x576.jpg 768w, https:\/\/knowhate.eu\/wp-content\/uploads\/2024\/07\/kNOwHATE-Conf-Final-Encerramento-09-1-1536x1152.jpg 1536w, https:\/\/knowhate.eu\/wp-content\/uploads\/2024\/07\/kNOwHATE-Conf-Final-Encerramento-09-1.jpg 2048w\" sizes=\"(max-width: 1067px) 100vw, 1067px\" \/>\t\t\t\t\t\t\t\t\t\t\t\t\t\t\t<\/div>\n\t\t\t\t<\/div>\n\t\t\t\t\t<\/div>\n\t\t<\/div>\n\t\t\t\t\t<\/div>\n\t\t<\/section>\n\t\t\t\t<\/div>\n\t\t","protected":false},"excerpt":{"rendered":"<p>A an\u00e1lise do discurso de \u00f3dio online em Portugal esteve en destaque na confer\u00eancia&#8230; <\/p>\n","protected":false},"author":2,"featured_media":11524,"comment_status":"open","ping_status":"open","sticky":false,"template":"","format":"image","meta":{"footnotes":""},"categories":[92],"tags":[],"class_list":["post-11521","post","type-post","status-publish","format-image","has-post-thumbnail","hentry","category-noticias","post_format-post-format-image"],"yoast_head":"<!-- This site is optimized with the Yoast SEO plugin v24.7 - https:\/\/yoast.com\/wordpress\/plugins\/seo\/ -->\n<title>Discurso de \u00d3dio Online em Portugal: Que Presente e Que Futuro? - Confer\u00eancia final do projeto kNOwHATE - Knowhate<\/title>\n<meta name=\"description\" content=\"A an\u00e1lise do discurso de \u00f3dio online em Portugal esteve em destaque na confer\u00eancia final, realizada no dia 9 de julho no Iscte, do projeto kNOwHATE.\" \/>\n<meta name=\"robots\" content=\"index, follow, max-snippet:-1, max-image-preview:large, max-video-preview:-1\" \/>\n<link rel=\"canonical\" href=\"https:\/\/knowhate.eu\/pt-pt\/2024\/07\/10\/discurso-de-odio-online-em-portugal-que-presente-e-que-futuro-conferencia-final-do-projeto-knowhate\/\" \/>\n<meta property=\"og:locale\" content=\"pt_PT\" \/>\n<meta property=\"og:type\" content=\"article\" \/>\n<meta property=\"og:title\" content=\"Discurso de \u00d3dio Online em Portugal: Que Presente e Que Futuro? - Confer\u00eancia final do projeto kNOwHATE - Knowhate\" \/>\n<meta property=\"og:description\" content=\"A an\u00e1lise do discurso de \u00f3dio online em Portugal esteve em destaque na confer\u00eancia final, realizada no dia 9 de julho no Iscte, do projeto kNOwHATE.\" \/>\n<meta property=\"og:url\" content=\"https:\/\/knowhate.eu\/pt-pt\/2024\/07\/10\/discurso-de-odio-online-em-portugal-que-presente-e-que-futuro-conferencia-final-do-projeto-knowhate\/\" \/>\n<meta property=\"og:site_name\" content=\"Knowhate\" \/>\n<meta property=\"article:published_time\" content=\"2024-07-10T15:32:10+00:00\" \/>\n<meta property=\"article:modified_time\" content=\"2024-07-10T16:35:42+00:00\" \/>\n<meta property=\"og:image\" content=\"https:\/\/knowhate.eu\/wp-content\/uploads\/2024\/07\/conf-knowhate.jpg\" \/>\n\t<meta property=\"og:image:width\" content=\"2043\" \/>\n\t<meta property=\"og:image:height\" content=\"1270\" \/>\n\t<meta property=\"og:image:type\" content=\"image\/jpeg\" \/>\n<meta name=\"author\" content=\"Andreia Garcia\" \/>\n<meta name=\"twitter:card\" content=\"summary_large_image\" \/>\n<meta name=\"twitter:label1\" content=\"Escrito por\" \/>\n\t<meta name=\"twitter:data1\" content=\"Andreia Garcia\" \/>\n\t<meta name=\"twitter:label2\" content=\"Tempo estimado de leitura\" \/>\n\t<meta name=\"twitter:data2\" content=\"5 minutos\" \/>\n<script type=\"application\/ld+json\" class=\"yoast-schema-graph\">{\"@context\":\"https:\/\/schema.org\",\"@graph\":[{\"@type\":\"WebPage\",\"@id\":\"https:\/\/knowhate.eu\/pt-pt\/2024\/07\/10\/discurso-de-odio-online-em-portugal-que-presente-e-que-futuro-conferencia-final-do-projeto-knowhate\/\",\"url\":\"https:\/\/knowhate.eu\/pt-pt\/2024\/07\/10\/discurso-de-odio-online-em-portugal-que-presente-e-que-futuro-conferencia-final-do-projeto-knowhate\/\",\"name\":\"Discurso de \u00d3dio Online em Portugal: Que Presente e Que Futuro? - Confer\u00eancia final do projeto kNOwHATE - Knowhate\",\"isPartOf\":{\"@id\":\"https:\/\/knowhate.eu\/pt-pt\/#website\"},\"primaryImageOfPage\":{\"@id\":\"https:\/\/knowhate.eu\/pt-pt\/2024\/07\/10\/discurso-de-odio-online-em-portugal-que-presente-e-que-futuro-conferencia-final-do-projeto-knowhate\/#primaryimage\"},\"image\":{\"@id\":\"https:\/\/knowhate.eu\/pt-pt\/2024\/07\/10\/discurso-de-odio-online-em-portugal-que-presente-e-que-futuro-conferencia-final-do-projeto-knowhate\/#primaryimage\"},\"thumbnailUrl\":\"https:\/\/knowhate.eu\/wp-content\/uploads\/2024\/07\/conf-knowhate.jpg\",\"datePublished\":\"2024-07-10T15:32:10+00:00\",\"dateModified\":\"2024-07-10T16:35:42+00:00\",\"author\":{\"@id\":\"https:\/\/knowhate.eu\/pt-pt\/#\/schema\/person\/82646a9e1402691ac2747f181dee1099\"},\"description\":\"A an\u00e1lise do discurso de \u00f3dio online em Portugal esteve em destaque na confer\u00eancia final, realizada no dia 9 de julho no Iscte, do projeto kNOwHATE.\",\"breadcrumb\":{\"@id\":\"https:\/\/knowhate.eu\/pt-pt\/2024\/07\/10\/discurso-de-odio-online-em-portugal-que-presente-e-que-futuro-conferencia-final-do-projeto-knowhate\/#breadcrumb\"},\"inLanguage\":\"pt-PT\",\"potentialAction\":[{\"@type\":\"ReadAction\",\"target\":[\"https:\/\/knowhate.eu\/pt-pt\/2024\/07\/10\/discurso-de-odio-online-em-portugal-que-presente-e-que-futuro-conferencia-final-do-projeto-knowhate\/\"]}]},{\"@type\":\"ImageObject\",\"inLanguage\":\"pt-PT\",\"@id\":\"https:\/\/knowhate.eu\/pt-pt\/2024\/07\/10\/discurso-de-odio-online-em-portugal-que-presente-e-que-futuro-conferencia-final-do-projeto-knowhate\/#primaryimage\",\"url\":\"https:\/\/knowhate.eu\/wp-content\/uploads\/2024\/07\/conf-knowhate.jpg\",\"contentUrl\":\"https:\/\/knowhate.eu\/wp-content\/uploads\/2024\/07\/conf-knowhate.jpg\",\"width\":2043,\"height\":1270},{\"@type\":\"BreadcrumbList\",\"@id\":\"https:\/\/knowhate.eu\/pt-pt\/2024\/07\/10\/discurso-de-odio-online-em-portugal-que-presente-e-que-futuro-conferencia-final-do-projeto-knowhate\/#breadcrumb\",\"itemListElement\":[{\"@type\":\"ListItem\",\"position\":1,\"name\":\"Home\",\"item\":\"https:\/\/knowhate.eu\/pt-pt\/\"},{\"@type\":\"ListItem\",\"position\":2,\"name\":\"Discurso de \u00d3dio Online em Portugal: Que Presente e Que Futuro? &#8211; Confer\u00eancia final do projeto kNOwHATE\"}]},{\"@type\":\"WebSite\",\"@id\":\"https:\/\/knowhate.eu\/pt-pt\/#website\",\"url\":\"https:\/\/knowhate.eu\/pt-pt\/\",\"name\":\"Knowhate\",\"description\":\"kNOwing online HATE speech\",\"potentialAction\":[{\"@type\":\"SearchAction\",\"target\":{\"@type\":\"EntryPoint\",\"urlTemplate\":\"https:\/\/knowhate.eu\/pt-pt\/?s={search_term_string}\"},\"query-input\":{\"@type\":\"PropertyValueSpecification\",\"valueRequired\":true,\"valueName\":\"search_term_string\"}}],\"inLanguage\":\"pt-PT\"},{\"@type\":\"Person\",\"@id\":\"https:\/\/knowhate.eu\/pt-pt\/#\/schema\/person\/82646a9e1402691ac2747f181dee1099\",\"name\":\"Andreia Garcia\",\"image\":{\"@type\":\"ImageObject\",\"inLanguage\":\"pt-PT\",\"@id\":\"https:\/\/knowhate.eu\/pt-pt\/#\/schema\/person\/image\/\",\"url\":\"https:\/\/secure.gravatar.com\/avatar\/801ad92a5ddc1aa68c5d38c2f7f894b6?s=96&d=mm&r=g\",\"contentUrl\":\"https:\/\/secure.gravatar.com\/avatar\/801ad92a5ddc1aa68c5d38c2f7f894b6?s=96&d=mm&r=g\",\"caption\":\"Andreia Garcia\"},\"url\":\"https:\/\/knowhate.eu\/pt-pt\/author\/kh-iscte\/\"}]}<\/script>\n<!-- \/ Yoast SEO plugin. -->","yoast_head_json":{"title":"Discurso de \u00d3dio Online em Portugal: Que Presente e Que Futuro? - Confer\u00eancia final do projeto kNOwHATE - Knowhate","description":"A an\u00e1lise do discurso de \u00f3dio online em Portugal esteve em destaque na confer\u00eancia final, realizada no dia 9 de julho no Iscte, do projeto kNOwHATE.","robots":{"index":"index","follow":"follow","max-snippet":"max-snippet:-1","max-image-preview":"max-image-preview:large","max-video-preview":"max-video-preview:-1"},"canonical":"https:\/\/knowhate.eu\/pt-pt\/2024\/07\/10\/discurso-de-odio-online-em-portugal-que-presente-e-que-futuro-conferencia-final-do-projeto-knowhate\/","og_locale":"pt_PT","og_type":"article","og_title":"Discurso de \u00d3dio Online em Portugal: Que Presente e Que Futuro? - Confer\u00eancia final do projeto kNOwHATE - Knowhate","og_description":"A an\u00e1lise do discurso de \u00f3dio online em Portugal esteve em destaque na confer\u00eancia final, realizada no dia 9 de julho no Iscte, do projeto kNOwHATE.","og_url":"https:\/\/knowhate.eu\/pt-pt\/2024\/07\/10\/discurso-de-odio-online-em-portugal-que-presente-e-que-futuro-conferencia-final-do-projeto-knowhate\/","og_site_name":"Knowhate","article_published_time":"2024-07-10T15:32:10+00:00","article_modified_time":"2024-07-10T16:35:42+00:00","og_image":[{"width":2043,"height":1270,"url":"https:\/\/knowhate.eu\/wp-content\/uploads\/2024\/07\/conf-knowhate.jpg","type":"image\/jpeg"}],"author":"Andreia Garcia","twitter_card":"summary_large_image","twitter_misc":{"Escrito por":"Andreia Garcia","Tempo estimado de leitura":"5 minutos"},"schema":{"@context":"https:\/\/schema.org","@graph":[{"@type":"WebPage","@id":"https:\/\/knowhate.eu\/pt-pt\/2024\/07\/10\/discurso-de-odio-online-em-portugal-que-presente-e-que-futuro-conferencia-final-do-projeto-knowhate\/","url":"https:\/\/knowhate.eu\/pt-pt\/2024\/07\/10\/discurso-de-odio-online-em-portugal-que-presente-e-que-futuro-conferencia-final-do-projeto-knowhate\/","name":"Discurso de \u00d3dio Online em Portugal: Que Presente e Que Futuro? - Confer\u00eancia final do projeto kNOwHATE - Knowhate","isPartOf":{"@id":"https:\/\/knowhate.eu\/pt-pt\/#website"},"primaryImageOfPage":{"@id":"https:\/\/knowhate.eu\/pt-pt\/2024\/07\/10\/discurso-de-odio-online-em-portugal-que-presente-e-que-futuro-conferencia-final-do-projeto-knowhate\/#primaryimage"},"image":{"@id":"https:\/\/knowhate.eu\/pt-pt\/2024\/07\/10\/discurso-de-odio-online-em-portugal-que-presente-e-que-futuro-conferencia-final-do-projeto-knowhate\/#primaryimage"},"thumbnailUrl":"https:\/\/knowhate.eu\/wp-content\/uploads\/2024\/07\/conf-knowhate.jpg","datePublished":"2024-07-10T15:32:10+00:00","dateModified":"2024-07-10T16:35:42+00:00","author":{"@id":"https:\/\/knowhate.eu\/pt-pt\/#\/schema\/person\/82646a9e1402691ac2747f181dee1099"},"description":"A an\u00e1lise do discurso de \u00f3dio online em Portugal esteve em destaque na confer\u00eancia final, realizada no dia 9 de julho no Iscte, do projeto kNOwHATE.","breadcrumb":{"@id":"https:\/\/knowhate.eu\/pt-pt\/2024\/07\/10\/discurso-de-odio-online-em-portugal-que-presente-e-que-futuro-conferencia-final-do-projeto-knowhate\/#breadcrumb"},"inLanguage":"pt-PT","potentialAction":[{"@type":"ReadAction","target":["https:\/\/knowhate.eu\/pt-pt\/2024\/07\/10\/discurso-de-odio-online-em-portugal-que-presente-e-que-futuro-conferencia-final-do-projeto-knowhate\/"]}]},{"@type":"ImageObject","inLanguage":"pt-PT","@id":"https:\/\/knowhate.eu\/pt-pt\/2024\/07\/10\/discurso-de-odio-online-em-portugal-que-presente-e-que-futuro-conferencia-final-do-projeto-knowhate\/#primaryimage","url":"https:\/\/knowhate.eu\/wp-content\/uploads\/2024\/07\/conf-knowhate.jpg","contentUrl":"https:\/\/knowhate.eu\/wp-content\/uploads\/2024\/07\/conf-knowhate.jpg","width":2043,"height":1270},{"@type":"BreadcrumbList","@id":"https:\/\/knowhate.eu\/pt-pt\/2024\/07\/10\/discurso-de-odio-online-em-portugal-que-presente-e-que-futuro-conferencia-final-do-projeto-knowhate\/#breadcrumb","itemListElement":[{"@type":"ListItem","position":1,"name":"Home","item":"https:\/\/knowhate.eu\/pt-pt\/"},{"@type":"ListItem","position":2,"name":"Discurso de \u00d3dio Online em Portugal: Que Presente e Que Futuro? &#8211; Confer\u00eancia final do projeto kNOwHATE"}]},{"@type":"WebSite","@id":"https:\/\/knowhate.eu\/pt-pt\/#website","url":"https:\/\/knowhate.eu\/pt-pt\/","name":"Knowhate","description":"kNOwing online HATE speech","potentialAction":[{"@type":"SearchAction","target":{"@type":"EntryPoint","urlTemplate":"https:\/\/knowhate.eu\/pt-pt\/?s={search_term_string}"},"query-input":{"@type":"PropertyValueSpecification","valueRequired":true,"valueName":"search_term_string"}}],"inLanguage":"pt-PT"},{"@type":"Person","@id":"https:\/\/knowhate.eu\/pt-pt\/#\/schema\/person\/82646a9e1402691ac2747f181dee1099","name":"Andreia Garcia","image":{"@type":"ImageObject","inLanguage":"pt-PT","@id":"https:\/\/knowhate.eu\/pt-pt\/#\/schema\/person\/image\/","url":"https:\/\/secure.gravatar.com\/avatar\/801ad92a5ddc1aa68c5d38c2f7f894b6?s=96&d=mm&r=g","contentUrl":"https:\/\/secure.gravatar.com\/avatar\/801ad92a5ddc1aa68c5d38c2f7f894b6?s=96&d=mm&r=g","caption":"Andreia Garcia"},"url":"https:\/\/knowhate.eu\/pt-pt\/author\/kh-iscte\/"}]}},"_links":{"self":[{"href":"https:\/\/knowhate.eu\/pt-pt\/wp-json\/wp\/v2\/posts\/11521","targetHints":{"allow":["GET"]}}],"collection":[{"href":"https:\/\/knowhate.eu\/pt-pt\/wp-json\/wp\/v2\/posts"}],"about":[{"href":"https:\/\/knowhate.eu\/pt-pt\/wp-json\/wp\/v2\/types\/post"}],"author":[{"embeddable":true,"href":"https:\/\/knowhate.eu\/pt-pt\/wp-json\/wp\/v2\/users\/2"}],"replies":[{"embeddable":true,"href":"https:\/\/knowhate.eu\/pt-pt\/wp-json\/wp\/v2\/comments?post=11521"}],"version-history":[{"count":7,"href":"https:\/\/knowhate.eu\/pt-pt\/wp-json\/wp\/v2\/posts\/11521\/revisions"}],"predecessor-version":[{"id":11559,"href":"https:\/\/knowhate.eu\/pt-pt\/wp-json\/wp\/v2\/posts\/11521\/revisions\/11559"}],"wp:featuredmedia":[{"embeddable":true,"href":"https:\/\/knowhate.eu\/pt-pt\/wp-json\/wp\/v2\/media\/11524"}],"wp:attachment":[{"href":"https:\/\/knowhate.eu\/pt-pt\/wp-json\/wp\/v2\/media?parent=11521"}],"wp:term":[{"taxonomy":"category","embeddable":true,"href":"https:\/\/knowhate.eu\/pt-pt\/wp-json\/wp\/v2\/categories?post=11521"},{"taxonomy":"post_tag","embeddable":true,"href":"https:\/\/knowhate.eu\/pt-pt\/wp-json\/wp\/v2\/tags?post=11521"}],"curies":[{"name":"wp","href":"https:\/\/api.w.org\/{rel}","templated":true}]}}