{"id":11504,"date":"2024-07-10T09:09:01","date_gmt":"2024-07-10T09:09:01","guid":{"rendered":"https:\/\/knowhate.eu\/?p=11504"},"modified":"2024-07-10T09:14:08","modified_gmt":"2024-07-10T09:14:08","slug":"podcast-cortar-o-mal-pela-raiz-ep-4","status":"publish","type":"post","link":"https:\/\/knowhate.eu\/pt-pt\/2024\/07\/10\/podcast-cortar-o-mal-pela-raiz-ep-4\/","title":{"rendered":"Podcast \u201cCortar o Mal pela Raiz\u201d- Ep.4"},"content":{"rendered":"\t\t<div data-elementor-type=\"wp-post\" data-elementor-id=\"11504\" class=\"elementor elementor-11504\" data-elementor-post-type=\"post\">\n\t\t\t\t\t\t<section class=\"wd-negative-gap elementor-section elementor-top-section elementor-element elementor-element-02d18cd elementor-section-boxed elementor-section-height-default elementor-section-height-default\" data-id=\"02d18cd\" data-element_type=\"section\">\n\t\t\t\t\t\t<div class=\"elementor-container elementor-column-gap-default\">\n\t\t\t\t\t<div class=\"elementor-column elementor-col-100 elementor-top-column elementor-element elementor-element-8c94680\" data-id=\"8c94680\" data-element_type=\"column\">\n\t\t\t<div class=\"elementor-widget-wrap elementor-element-populated\">\n\t\t\t\t\t\t<div class=\"elementor-element elementor-element-811ac53 elementor-widget elementor-widget-wd_text_block\" data-id=\"811ac53\" data-element_type=\"widget\" data-widget_type=\"wd_text_block.default\">\n\t\t\t\t<div class=\"elementor-widget-container\">\n\t\t\t\t\t\t\t<div class=\"wd-text-block reset-last-child text-left\">\n\t\t\t\n\t\t\t<h5>O Epis\u00f3dio 4 do podcast Cortar o Mal Pela Raiz, contou com a participa\u00e7\u00e3o de:\u00a0<\/h5>\n\t\t\t\t\t<\/div>\n\t\t\t\t\t\t<\/div>\n\t\t\t\t<\/div>\n\t\t\t\t\t<\/div>\n\t\t<\/div>\n\t\t\t\t\t<\/div>\n\t\t<\/section>\n\t\t\t\t<section class=\"wd-negative-gap elementor-section elementor-top-section elementor-element elementor-element-039863b elementor-section-boxed elementor-section-height-default elementor-section-height-default\" data-id=\"039863b\" data-element_type=\"section\">\n\t\t\t\t\t\t<div class=\"elementor-container elementor-column-gap-default\">\n\t\t\t\t\t<div class=\"elementor-column elementor-col-100 elementor-top-column elementor-element elementor-element-afac552\" data-id=\"afac552\" data-element_type=\"column\">\n\t\t\t<div class=\"elementor-widget-wrap elementor-element-populated\">\n\t\t\t\t\t\t<div class=\"elementor-element elementor-element-c17d184 elementor-widget elementor-widget-wd_text_block\" data-id=\"c17d184\" data-element_type=\"widget\" data-widget_type=\"wd_text_block.default\">\n\t\t\t\t<div class=\"elementor-widget-container\">\n\t\t\t\t\t\t\t<div class=\"wd-text-block reset-last-child text-left\">\n\t\t\t\n\t\t\t<ul><li><strong>Cl\u00e1udia Silva<\/strong> (Investigadora <span class=\"html-span xdj266r x11i5rnm xat24cr x1mh8g0r xexx8yu x4uap5 x18d9i69 xkhd6sd x1hl2dhg x16tdsg8 x1vvkbs\"><a class=\"x1i10hfl xjbqb8w x1ejq31n xd10rxx x1sy0etr x17r0tee x972fbf xcfux6l x1qhh985 xm0m39n x9f619 x1ypdohk xt0psk2 xe8uvvx xdj266r x11i5rnm xat24cr x1mh8g0r xexx8yu x4uap5 x18d9i69 xkhd6sd x16tdsg8 x1hl2dhg xggy1nq x1a2a7pz x1sur9pj xkrqix3 x1fey0fg xo1l8bm\" tabindex=\"0\" role=\"link\" href=\"https:\/\/www.facebook.com\/iti.larsys?__cft__[0]=AZV7g5jAkn40HM7Pu8lVUBplP5WmxWinkGCNPsmgZYOnfkzYvdpPmJi5cyVIxbIzJC5Fe6qQcem_EoI2TBUXT-pSRwe87YpGaFIk804AQSLkUd1zEUYN4jmLWFzkZM65bUpDTLBwyxQnoXufkNjyem3IiARKe9SCDlAhiYLHhcCgljxkh4kddVR8iqlQbdw7XoI&amp;__tn__=-]K-R\"><span class=\"xt0psk2\">Interactive Technologies Institute<\/span><\/a><\/span>-LARSyS\u2060 e membro da equipa do kNOwHATE)<\/li><li dir=\"auto\"><strong>Vanessa Lopes<\/strong> (Jornalista, Presidente da Associa\u00e7\u00e3o RIZOMA)<\/li><\/ul><p>Entrevistadora: Cl\u00e1udia Semedo<\/p>\n\t\t\t\t\t<\/div>\n\t\t\t\t\t\t<\/div>\n\t\t\t\t<\/div>\n\t\t\t\t\t<\/div>\n\t\t<\/div>\n\t\t\t\t\t<\/div>\n\t\t<\/section>\n\t\t\t\t<section class=\"wd-negative-gap elementor-section elementor-top-section elementor-element elementor-element-5b12ef9 elementor-section-boxed elementor-section-height-default elementor-section-height-default\" data-id=\"5b12ef9\" data-element_type=\"section\">\n\t\t\t\t\t\t<div class=\"elementor-container elementor-column-gap-default\">\n\t\t\t\t\t<div class=\"elementor-column elementor-col-100 elementor-top-column elementor-element elementor-element-407fb71\" data-id=\"407fb71\" data-element_type=\"column\">\n\t\t\t<div class=\"elementor-widget-wrap elementor-element-populated\">\n\t\t\t\t\t\t<div class=\"elementor-element elementor-element-e80f3fe elementor-widget elementor-widget-wd_button\" data-id=\"e80f3fe\" data-element_type=\"widget\" data-widget_type=\"wd_button.default\">\n\t\t\t\t<div class=\"elementor-widget-container\">\n\t\t\t\t\t\t\t<div class=\"wd-button-wrapper text-center\" >\n\t\t\t<a class=\"btn btn-style-default btn-shape-round btn-size-default btn-color-primary btn-icon-pos-right\"  href=\"https:\/\/knowhate.eu\/podcasts\/\">\n\t\t\t\t<span class=\"wd-btn-text\" data-elementor-setting-key=\"text\">\n\t\t\t\t\tEp.4- Cortar o mal pela raiz, mas como?\t\t\t\t<\/span>\n\n\t\t\t\t\t\t\t<\/a>\n\t\t<\/div>\n\t\t\t\t\t\t<\/div>\n\t\t\t\t<\/div>\n\t\t\t\t\t<\/div>\n\t\t<\/div>\n\t\t\t\t\t<\/div>\n\t\t<\/section>\n\t\t\t\t<\/div>\n\t\t","protected":false},"excerpt":{"rendered":"<p>Participantes do Ep.4 Cortar o Mal Pela Raiz \u2013 Cortar o mal pela raiz, mas como?&#8230;<\/p>\n","protected":false},"author":2,"featured_media":11508,"comment_status":"open","ping_status":"open","sticky":false,"template":"","format":"image","meta":{"footnotes":""},"categories":[92],"tags":[],"class_list":["post-11504","post","type-post","status-publish","format-image","has-post-thumbnail","hentry","category-noticias","post_format-post-format-image"],"yoast_head":"<!-- This site is optimized with the Yoast SEO plugin v24.7 - https:\/\/yoast.com\/wordpress\/plugins\/seo\/ -->\n<title>Podcast \u201cCortar o Mal pela Raiz\u201d- Ep.4 - Knowhate<\/title>\n<meta name=\"description\" content=\"Participantes do Ep.4 Cortar o Mal Pela Raiz \u2013 Cortar o mal pela raiz, mas como? - com Cl\u00e1udia Silva e Vanessa Lopes.\" \/>\n<meta name=\"robots\" content=\"index, follow, max-snippet:-1, max-image-preview:large, max-video-preview:-1\" \/>\n<link rel=\"canonical\" href=\"https:\/\/knowhate.eu\/pt-pt\/2024\/07\/10\/podcast-cortar-o-mal-pela-raiz-ep-4\/\" \/>\n<meta property=\"og:locale\" content=\"pt_PT\" \/>\n<meta property=\"og:type\" content=\"article\" \/>\n<meta property=\"og:title\" content=\"Podcast \u201cCortar o Mal pela Raiz\u201d- Ep.4 - Knowhate\" \/>\n<meta property=\"og:description\" content=\"Participantes do Ep.4 Cortar o Mal Pela Raiz \u2013 Cortar o mal pela raiz, mas como? - com Cl\u00e1udia Silva e Vanessa Lopes.\" \/>\n<meta property=\"og:url\" content=\"https:\/\/knowhate.eu\/pt-pt\/2024\/07\/10\/podcast-cortar-o-mal-pela-raiz-ep-4\/\" \/>\n<meta property=\"og:site_name\" content=\"Knowhate\" \/>\n<meta property=\"article:published_time\" content=\"2024-07-10T09:09:01+00:00\" \/>\n<meta property=\"article:modified_time\" content=\"2024-07-10T09:14:08+00:00\" \/>\n<meta property=\"og:image\" content=\"https:\/\/knowhate.eu\/wp-content\/uploads\/2024\/07\/podcast_4_site-1287x800.png\" \/>\n\t<meta property=\"og:image:width\" content=\"1287\" \/>\n\t<meta property=\"og:image:height\" content=\"800\" \/>\n\t<meta property=\"og:image:type\" content=\"image\/png\" \/>\n<meta name=\"author\" content=\"Andreia Garcia\" \/>\n<meta name=\"twitter:card\" content=\"summary_large_image\" \/>\n<meta name=\"twitter:label1\" content=\"Escrito por\" \/>\n\t<meta name=\"twitter:data1\" content=\"Andreia Garcia\" \/>\n\t<meta name=\"twitter:label2\" content=\"Tempo estimado de leitura\" \/>\n\t<meta name=\"twitter:data2\" content=\"1 minuto\" \/>\n<script type=\"application\/ld+json\" class=\"yoast-schema-graph\">{\"@context\":\"https:\/\/schema.org\",\"@graph\":[{\"@type\":\"WebPage\",\"@id\":\"https:\/\/knowhate.eu\/pt-pt\/2024\/07\/10\/podcast-cortar-o-mal-pela-raiz-ep-4\/\",\"url\":\"https:\/\/knowhate.eu\/pt-pt\/2024\/07\/10\/podcast-cortar-o-mal-pela-raiz-ep-4\/\",\"name\":\"Podcast \u201cCortar o Mal pela Raiz\u201d- Ep.4 - Knowhate\",\"isPartOf\":{\"@id\":\"https:\/\/knowhate.eu\/pt-pt\/#website\"},\"primaryImageOfPage\":{\"@id\":\"https:\/\/knowhate.eu\/pt-pt\/2024\/07\/10\/podcast-cortar-o-mal-pela-raiz-ep-4\/#primaryimage\"},\"image\":{\"@id\":\"https:\/\/knowhate.eu\/pt-pt\/2024\/07\/10\/podcast-cortar-o-mal-pela-raiz-ep-4\/#primaryimage\"},\"thumbnailUrl\":\"https:\/\/knowhate.eu\/wp-content\/uploads\/2024\/07\/podcast_4_site.png\",\"datePublished\":\"2024-07-10T09:09:01+00:00\",\"dateModified\":\"2024-07-10T09:14:08+00:00\",\"author\":{\"@id\":\"https:\/\/knowhate.eu\/pt-pt\/#\/schema\/person\/82646a9e1402691ac2747f181dee1099\"},\"description\":\"Participantes do Ep.4 Cortar o Mal Pela Raiz \u2013 Cortar o mal pela raiz, mas como? - com Cl\u00e1udia Silva e Vanessa Lopes.\",\"breadcrumb\":{\"@id\":\"https:\/\/knowhate.eu\/pt-pt\/2024\/07\/10\/podcast-cortar-o-mal-pela-raiz-ep-4\/#breadcrumb\"},\"inLanguage\":\"pt-PT\",\"potentialAction\":[{\"@type\":\"ReadAction\",\"target\":[\"https:\/\/knowhate.eu\/pt-pt\/2024\/07\/10\/podcast-cortar-o-mal-pela-raiz-ep-4\/\"]}]},{\"@type\":\"ImageObject\",\"inLanguage\":\"pt-PT\",\"@id\":\"https:\/\/knowhate.eu\/pt-pt\/2024\/07\/10\/podcast-cortar-o-mal-pela-raiz-ep-4\/#primaryimage\",\"url\":\"https:\/\/knowhate.eu\/wp-content\/uploads\/2024\/07\/podcast_4_site.png\",\"contentUrl\":\"https:\/\/knowhate.eu\/wp-content\/uploads\/2024\/07\/podcast_4_site.png\",\"width\":2809,\"height\":1746},{\"@type\":\"BreadcrumbList\",\"@id\":\"https:\/\/knowhate.eu\/pt-pt\/2024\/07\/10\/podcast-cortar-o-mal-pela-raiz-ep-4\/#breadcrumb\",\"itemListElement\":[{\"@type\":\"ListItem\",\"position\":1,\"name\":\"Home\",\"item\":\"https:\/\/knowhate.eu\/pt-pt\/\"},{\"@type\":\"ListItem\",\"position\":2,\"name\":\"Podcast \u201cCortar o Mal pela Raiz\u201d- Ep.4\"}]},{\"@type\":\"WebSite\",\"@id\":\"https:\/\/knowhate.eu\/pt-pt\/#website\",\"url\":\"https:\/\/knowhate.eu\/pt-pt\/\",\"name\":\"Knowhate\",\"description\":\"kNOwing online HATE speech\",\"potentialAction\":[{\"@type\":\"SearchAction\",\"target\":{\"@type\":\"EntryPoint\",\"urlTemplate\":\"https:\/\/knowhate.eu\/pt-pt\/?s={search_term_string}\"},\"query-input\":{\"@type\":\"PropertyValueSpecification\",\"valueRequired\":true,\"valueName\":\"search_term_string\"}}],\"inLanguage\":\"pt-PT\"},{\"@type\":\"Person\",\"@id\":\"https:\/\/knowhate.eu\/pt-pt\/#\/schema\/person\/82646a9e1402691ac2747f181dee1099\",\"name\":\"Andreia Garcia\",\"image\":{\"@type\":\"ImageObject\",\"inLanguage\":\"pt-PT\",\"@id\":\"https:\/\/knowhate.eu\/pt-pt\/#\/schema\/person\/image\/\",\"url\":\"https:\/\/secure.gravatar.com\/avatar\/801ad92a5ddc1aa68c5d38c2f7f894b6?s=96&d=mm&r=g\",\"contentUrl\":\"https:\/\/secure.gravatar.com\/avatar\/801ad92a5ddc1aa68c5d38c2f7f894b6?s=96&d=mm&r=g\",\"caption\":\"Andreia Garcia\"},\"url\":\"https:\/\/knowhate.eu\/pt-pt\/author\/kh-iscte\/\"}]}<\/script>\n<!-- \/ Yoast SEO plugin. -->","yoast_head_json":{"title":"Podcast \u201cCortar o Mal pela Raiz\u201d- Ep.4 - Knowhate","description":"Participantes do Ep.4 Cortar o Mal Pela Raiz \u2013 Cortar o mal pela raiz, mas como? - com Cl\u00e1udia Silva e Vanessa Lopes.","robots":{"index":"index","follow":"follow","max-snippet":"max-snippet:-1","max-image-preview":"max-image-preview:large","max-video-preview":"max-video-preview:-1"},"canonical":"https:\/\/knowhate.eu\/pt-pt\/2024\/07\/10\/podcast-cortar-o-mal-pela-raiz-ep-4\/","og_locale":"pt_PT","og_type":"article","og_title":"Podcast \u201cCortar o Mal pela Raiz\u201d- Ep.4 - Knowhate","og_description":"Participantes do Ep.4 Cortar o Mal Pela Raiz \u2013 Cortar o mal pela raiz, mas como? - com Cl\u00e1udia Silva e Vanessa Lopes.","og_url":"https:\/\/knowhate.eu\/pt-pt\/2024\/07\/10\/podcast-cortar-o-mal-pela-raiz-ep-4\/","og_site_name":"Knowhate","article_published_time":"2024-07-10T09:09:01+00:00","article_modified_time":"2024-07-10T09:14:08+00:00","og_image":[{"width":1287,"height":800,"url":"https:\/\/knowhate.eu\/wp-content\/uploads\/2024\/07\/podcast_4_site-1287x800.png","type":"image\/png"}],"author":"Andreia Garcia","twitter_card":"summary_large_image","twitter_misc":{"Escrito por":"Andreia Garcia","Tempo estimado de leitura":"1 minuto"},"schema":{"@context":"https:\/\/schema.org","@graph":[{"@type":"WebPage","@id":"https:\/\/knowhate.eu\/pt-pt\/2024\/07\/10\/podcast-cortar-o-mal-pela-raiz-ep-4\/","url":"https:\/\/knowhate.eu\/pt-pt\/2024\/07\/10\/podcast-cortar-o-mal-pela-raiz-ep-4\/","name":"Podcast \u201cCortar o Mal pela Raiz\u201d- Ep.4 - Knowhate","isPartOf":{"@id":"https:\/\/knowhate.eu\/pt-pt\/#website"},"primaryImageOfPage":{"@id":"https:\/\/knowhate.eu\/pt-pt\/2024\/07\/10\/podcast-cortar-o-mal-pela-raiz-ep-4\/#primaryimage"},"image":{"@id":"https:\/\/knowhate.eu\/pt-pt\/2024\/07\/10\/podcast-cortar-o-mal-pela-raiz-ep-4\/#primaryimage"},"thumbnailUrl":"https:\/\/knowhate.eu\/wp-content\/uploads\/2024\/07\/podcast_4_site.png","datePublished":"2024-07-10T09:09:01+00:00","dateModified":"2024-07-10T09:14:08+00:00","author":{"@id":"https:\/\/knowhate.eu\/pt-pt\/#\/schema\/person\/82646a9e1402691ac2747f181dee1099"},"description":"Participantes do Ep.4 Cortar o Mal Pela Raiz \u2013 Cortar o mal pela raiz, mas como? - com Cl\u00e1udia Silva e Vanessa Lopes.","breadcrumb":{"@id":"https:\/\/knowhate.eu\/pt-pt\/2024\/07\/10\/podcast-cortar-o-mal-pela-raiz-ep-4\/#breadcrumb"},"inLanguage":"pt-PT","potentialAction":[{"@type":"ReadAction","target":["https:\/\/knowhate.eu\/pt-pt\/2024\/07\/10\/podcast-cortar-o-mal-pela-raiz-ep-4\/"]}]},{"@type":"ImageObject","inLanguage":"pt-PT","@id":"https:\/\/knowhate.eu\/pt-pt\/2024\/07\/10\/podcast-cortar-o-mal-pela-raiz-ep-4\/#primaryimage","url":"https:\/\/knowhate.eu\/wp-content\/uploads\/2024\/07\/podcast_4_site.png","contentUrl":"https:\/\/knowhate.eu\/wp-content\/uploads\/2024\/07\/podcast_4_site.png","width":2809,"height":1746},{"@type":"BreadcrumbList","@id":"https:\/\/knowhate.eu\/pt-pt\/2024\/07\/10\/podcast-cortar-o-mal-pela-raiz-ep-4\/#breadcrumb","itemListElement":[{"@type":"ListItem","position":1,"name":"Home","item":"https:\/\/knowhate.eu\/pt-pt\/"},{"@type":"ListItem","position":2,"name":"Podcast \u201cCortar o Mal pela Raiz\u201d- Ep.4"}]},{"@type":"WebSite","@id":"https:\/\/knowhate.eu\/pt-pt\/#website","url":"https:\/\/knowhate.eu\/pt-pt\/","name":"Knowhate","description":"kNOwing online HATE speech","potentialAction":[{"@type":"SearchAction","target":{"@type":"EntryPoint","urlTemplate":"https:\/\/knowhate.eu\/pt-pt\/?s={search_term_string}"},"query-input":{"@type":"PropertyValueSpecification","valueRequired":true,"valueName":"search_term_string"}}],"inLanguage":"pt-PT"},{"@type":"Person","@id":"https:\/\/knowhate.eu\/pt-pt\/#\/schema\/person\/82646a9e1402691ac2747f181dee1099","name":"Andreia Garcia","image":{"@type":"ImageObject","inLanguage":"pt-PT","@id":"https:\/\/knowhate.eu\/pt-pt\/#\/schema\/person\/image\/","url":"https:\/\/secure.gravatar.com\/avatar\/801ad92a5ddc1aa68c5d38c2f7f894b6?s=96&d=mm&r=g","contentUrl":"https:\/\/secure.gravatar.com\/avatar\/801ad92a5ddc1aa68c5d38c2f7f894b6?s=96&d=mm&r=g","caption":"Andreia Garcia"},"url":"https:\/\/knowhate.eu\/pt-pt\/author\/kh-iscte\/"}]}},"_links":{"self":[{"href":"https:\/\/knowhate.eu\/pt-pt\/wp-json\/wp\/v2\/posts\/11504","targetHints":{"allow":["GET"]}}],"collection":[{"href":"https:\/\/knowhate.eu\/pt-pt\/wp-json\/wp\/v2\/posts"}],"about":[{"href":"https:\/\/knowhate.eu\/pt-pt\/wp-json\/wp\/v2\/types\/post"}],"author":[{"embeddable":true,"href":"https:\/\/knowhate.eu\/pt-pt\/wp-json\/wp\/v2\/users\/2"}],"replies":[{"embeddable":true,"href":"https:\/\/knowhate.eu\/pt-pt\/wp-json\/wp\/v2\/comments?post=11504"}],"version-history":[{"count":8,"href":"https:\/\/knowhate.eu\/pt-pt\/wp-json\/wp\/v2\/posts\/11504\/revisions"}],"predecessor-version":[{"id":11516,"href":"https:\/\/knowhate.eu\/pt-pt\/wp-json\/wp\/v2\/posts\/11504\/revisions\/11516"}],"wp:featuredmedia":[{"embeddable":true,"href":"https:\/\/knowhate.eu\/pt-pt\/wp-json\/wp\/v2\/media\/11508"}],"wp:attachment":[{"href":"https:\/\/knowhate.eu\/pt-pt\/wp-json\/wp\/v2\/media?parent=11504"}],"wp:term":[{"taxonomy":"category","embeddable":true,"href":"https:\/\/knowhate.eu\/pt-pt\/wp-json\/wp\/v2\/categories?post=11504"},{"taxonomy":"post_tag","embeddable":true,"href":"https:\/\/knowhate.eu\/pt-pt\/wp-json\/wp\/v2\/tags?post=11504"}],"curies":[{"name":"wp","href":"https:\/\/api.w.org\/{rel}","templated":true}]}}