{"id":11392,"date":"2024-07-03T13:35:04","date_gmt":"2024-07-03T13:35:04","guid":{"rendered":"https:\/\/knowhate.eu\/?p=11392"},"modified":"2024-07-03T13:35:40","modified_gmt":"2024-07-03T13:35:40","slug":"podcast-cortar-o-mal-pela-raiz-ep-3","status":"publish","type":"post","link":"https:\/\/knowhate.eu\/pt-pt\/2024\/07\/03\/podcast-cortar-o-mal-pela-raiz-ep-3\/","title":{"rendered":"Podcast \u201cCortar o Mal pela Raiz\u201d- Ep.3"},"content":{"rendered":"\t\t<div data-elementor-type=\"wp-post\" data-elementor-id=\"11392\" class=\"elementor elementor-11392\" data-elementor-post-type=\"post\">\n\t\t\t\t\t\t<section class=\"wd-negative-gap elementor-section elementor-top-section elementor-element elementor-element-02d18cd elementor-section-boxed elementor-section-height-default elementor-section-height-default\" data-id=\"02d18cd\" data-element_type=\"section\">\n\t\t\t\t\t\t<div class=\"elementor-container elementor-column-gap-default\">\n\t\t\t\t\t<div class=\"elementor-column elementor-col-100 elementor-top-column elementor-element elementor-element-8c94680\" data-id=\"8c94680\" data-element_type=\"column\">\n\t\t\t<div class=\"elementor-widget-wrap elementor-element-populated\">\n\t\t\t\t\t\t<div class=\"elementor-element elementor-element-811ac53 elementor-widget elementor-widget-wd_text_block\" data-id=\"811ac53\" data-element_type=\"widget\" data-widget_type=\"wd_text_block.default\">\n\t\t\t\t<div class=\"elementor-widget-container\">\n\t\t\t\t\t\t\t<div class=\"wd-text-block reset-last-child text-left\">\n\t\t\t\n\t\t\t<h5>O Epis\u00f3dio 3 do podcast Cortar o Mal Pela Raiz, contou com a participa\u00e7\u00e3o de:\u00a0<\/h5>\n\t\t\t\t\t<\/div>\n\t\t\t\t\t\t<\/div>\n\t\t\t\t<\/div>\n\t\t\t\t\t<\/div>\n\t\t<\/div>\n\t\t\t\t\t<\/div>\n\t\t<\/section>\n\t\t\t\t<section class=\"wd-negative-gap elementor-section elementor-top-section elementor-element elementor-element-039863b elementor-section-boxed elementor-section-height-default elementor-section-height-default\" data-id=\"039863b\" data-element_type=\"section\">\n\t\t\t\t\t\t<div class=\"elementor-container elementor-column-gap-default\">\n\t\t\t\t\t<div class=\"elementor-column elementor-col-100 elementor-top-column elementor-element elementor-element-afac552\" data-id=\"afac552\" data-element_type=\"column\">\n\t\t\t<div class=\"elementor-widget-wrap elementor-element-populated\">\n\t\t\t\t\t\t<div class=\"elementor-element elementor-element-c17d184 elementor-widget elementor-widget-wd_text_block\" data-id=\"c17d184\" data-element_type=\"widget\" data-widget_type=\"wd_text_block.default\">\n\t\t\t\t<div class=\"elementor-widget-container\">\n\t\t\t\t\t\t\t<div class=\"wd-text-block reset-last-child text-left\">\n\t\t\t\n\t\t\t<ul><li>\ud835\udc11\ud835\udc22\ud835\udc1c\ud835\udc1a\ud835\udc2b\ud835\udc1d\ud835\udc28 \ud835\udc02\ud835\udc1a\ud835\udc1b\ud835\udc2b\ud835\udc1a\ud835\udc25 (Jornalista e especialista em extrema-direita)<\/li><li>\ud835\udc00\ud835\udc1c\ud835\udc24\ud835\udc2c\ud835\udc2c\ud835\udc1a\ud835\udc27\ud835\udc1a \ud835\udc11\ud835\udc28\ud835\udc1d\ud835\udc2b\ud835\udc22\ud835\udc20\ud835\udc2e\ud835\udc1e\ud835\udc2c \ud835\udc1d\ud835\udc1a \ud835\udc12\ud835\udc22\ud835\udc25\ud835\udc2f\ud835\udc1a (Soci\u00f3loga, membro eleito da Assembleia Municipal da Amadora)<\/li><\/ul><p>Entrevistadora: Cl\u00e1udia Semedo<\/p>\n\t\t\t\t\t<\/div>\n\t\t\t\t\t\t<\/div>\n\t\t\t\t<\/div>\n\t\t\t\t\t<\/div>\n\t\t<\/div>\n\t\t\t\t\t<\/div>\n\t\t<\/section>\n\t\t\t\t<section class=\"wd-negative-gap elementor-section elementor-top-section elementor-element elementor-element-5b12ef9 elementor-section-boxed elementor-section-height-default elementor-section-height-default\" data-id=\"5b12ef9\" data-element_type=\"section\">\n\t\t\t\t\t\t<div class=\"elementor-container elementor-column-gap-default\">\n\t\t\t\t\t<div class=\"elementor-column elementor-col-100 elementor-top-column elementor-element elementor-element-407fb71\" data-id=\"407fb71\" data-element_type=\"column\">\n\t\t\t<div class=\"elementor-widget-wrap elementor-element-populated\">\n\t\t\t\t\t\t<div class=\"elementor-element elementor-element-e80f3fe elementor-widget elementor-widget-wd_button\" data-id=\"e80f3fe\" data-element_type=\"widget\" data-widget_type=\"wd_button.default\">\n\t\t\t\t<div class=\"elementor-widget-container\">\n\t\t\t\t\t\t\t<div class=\"wd-button-wrapper text-center\" >\n\t\t\t<a class=\"btn btn-style-default btn-shape-round btn-size-default btn-color-primary btn-icon-pos-right\"  href=\"https:\/\/knowhate.eu\/podcasts\/\">\n\t\t\t\t<span class=\"wd-btn-text\" data-elementor-setting-key=\"text\">\n\t\t\t\t\tEp.3- A extrema-direito e o discurso de \u00f3dio s\u00e3o amigos?\t\t\t\t<\/span>\n\n\t\t\t\t\t\t\t<\/a>\n\t\t<\/div>\n\t\t\t\t\t\t<\/div>\n\t\t\t\t<\/div>\n\t\t\t\t\t<\/div>\n\t\t<\/div>\n\t\t\t\t\t<\/div>\n\t\t<\/section>\n\t\t\t\t<\/div>\n\t\t","protected":false},"excerpt":{"rendered":"<p>Participantes do Ep.3 Cortar o Mal Pela Raiz \u2013 A extrema-direita e o discurso de \u00f3dio&#8230;<\/p>\n","protected":false},"author":2,"featured_media":11396,"comment_status":"open","ping_status":"open","sticky":false,"template":"","format":"image","meta":{"footnotes":""},"categories":[92],"tags":[],"class_list":["post-11392","post","type-post","status-publish","format-image","has-post-thumbnail","hentry","category-noticias","post_format-post-format-image"],"yoast_head":"<!-- This site is optimized with the Yoast SEO plugin v24.7 - https:\/\/yoast.com\/wordpress\/plugins\/seo\/ -->\n<title>Podcast \u201cCortar o Mal pela Raiz\u201d- Ep.3 - Knowhate<\/title>\n<meta name=\"description\" content=\"Participantes do Ep.3 Cortar o Mal Pela Raiz \u2013 A extrema-direita e o discurso de \u00f3dio s\u00e3o amigos? - com Ricardo Cabral e Ackssana Silva.\" \/>\n<meta name=\"robots\" content=\"index, follow, max-snippet:-1, max-image-preview:large, max-video-preview:-1\" \/>\n<link rel=\"canonical\" href=\"https:\/\/knowhate.eu\/pt-pt\/2024\/07\/03\/podcast-cortar-o-mal-pela-raiz-ep-3\/\" \/>\n<meta property=\"og:locale\" content=\"pt_PT\" \/>\n<meta property=\"og:type\" content=\"article\" \/>\n<meta property=\"og:title\" content=\"Podcast \u201cCortar o Mal pela Raiz\u201d- Ep.3 - Knowhate\" \/>\n<meta property=\"og:description\" content=\"Participantes do Ep.3 Cortar o Mal Pela Raiz \u2013 A extrema-direita e o discurso de \u00f3dio s\u00e3o amigos? - com Ricardo Cabral e Ackssana Silva.\" \/>\n<meta property=\"og:url\" content=\"https:\/\/knowhate.eu\/pt-pt\/2024\/07\/03\/podcast-cortar-o-mal-pela-raiz-ep-3\/\" \/>\n<meta property=\"og:site_name\" content=\"Knowhate\" \/>\n<meta property=\"article:published_time\" content=\"2024-07-03T13:35:04+00:00\" \/>\n<meta property=\"article:modified_time\" content=\"2024-07-03T13:35:40+00:00\" \/>\n<meta property=\"og:image\" content=\"https:\/\/knowhate.eu\/wp-content\/uploads\/2024\/07\/podcat3-1287x800.png\" \/>\n\t<meta property=\"og:image:width\" content=\"1287\" \/>\n\t<meta property=\"og:image:height\" content=\"800\" \/>\n\t<meta property=\"og:image:type\" content=\"image\/png\" \/>\n<meta name=\"author\" content=\"Andreia Garcia\" \/>\n<meta name=\"twitter:card\" content=\"summary_large_image\" \/>\n<meta name=\"twitter:label1\" content=\"Escrito por\" \/>\n\t<meta name=\"twitter:data1\" content=\"Andreia Garcia\" \/>\n\t<meta name=\"twitter:label2\" content=\"Tempo estimado de leitura\" \/>\n\t<meta name=\"twitter:data2\" content=\"1 minuto\" \/>\n<script type=\"application\/ld+json\" class=\"yoast-schema-graph\">{\"@context\":\"https:\/\/schema.org\",\"@graph\":[{\"@type\":\"WebPage\",\"@id\":\"https:\/\/knowhate.eu\/pt-pt\/2024\/07\/03\/podcast-cortar-o-mal-pela-raiz-ep-3\/\",\"url\":\"https:\/\/knowhate.eu\/pt-pt\/2024\/07\/03\/podcast-cortar-o-mal-pela-raiz-ep-3\/\",\"name\":\"Podcast \u201cCortar o Mal pela Raiz\u201d- Ep.3 - Knowhate\",\"isPartOf\":{\"@id\":\"https:\/\/knowhate.eu\/pt-pt\/#website\"},\"primaryImageOfPage\":{\"@id\":\"https:\/\/knowhate.eu\/pt-pt\/2024\/07\/03\/podcast-cortar-o-mal-pela-raiz-ep-3\/#primaryimage\"},\"image\":{\"@id\":\"https:\/\/knowhate.eu\/pt-pt\/2024\/07\/03\/podcast-cortar-o-mal-pela-raiz-ep-3\/#primaryimage\"},\"thumbnailUrl\":\"https:\/\/knowhate.eu\/wp-content\/uploads\/2024\/07\/podcat3.png\",\"datePublished\":\"2024-07-03T13:35:04+00:00\",\"dateModified\":\"2024-07-03T13:35:40+00:00\",\"author\":{\"@id\":\"https:\/\/knowhate.eu\/pt-pt\/#\/schema\/person\/82646a9e1402691ac2747f181dee1099\"},\"description\":\"Participantes do Ep.3 Cortar o Mal Pela Raiz \u2013 A extrema-direita e o discurso de \u00f3dio s\u00e3o amigos? - com Ricardo Cabral e Ackssana Silva.\",\"breadcrumb\":{\"@id\":\"https:\/\/knowhate.eu\/pt-pt\/2024\/07\/03\/podcast-cortar-o-mal-pela-raiz-ep-3\/#breadcrumb\"},\"inLanguage\":\"pt-PT\",\"potentialAction\":[{\"@type\":\"ReadAction\",\"target\":[\"https:\/\/knowhate.eu\/pt-pt\/2024\/07\/03\/podcast-cortar-o-mal-pela-raiz-ep-3\/\"]}]},{\"@type\":\"ImageObject\",\"inLanguage\":\"pt-PT\",\"@id\":\"https:\/\/knowhate.eu\/pt-pt\/2024\/07\/03\/podcast-cortar-o-mal-pela-raiz-ep-3\/#primaryimage\",\"url\":\"https:\/\/knowhate.eu\/wp-content\/uploads\/2024\/07\/podcat3.png\",\"contentUrl\":\"https:\/\/knowhate.eu\/wp-content\/uploads\/2024\/07\/podcat3.png\",\"width\":2809,\"height\":1746},{\"@type\":\"BreadcrumbList\",\"@id\":\"https:\/\/knowhate.eu\/pt-pt\/2024\/07\/03\/podcast-cortar-o-mal-pela-raiz-ep-3\/#breadcrumb\",\"itemListElement\":[{\"@type\":\"ListItem\",\"position\":1,\"name\":\"Home\",\"item\":\"https:\/\/knowhate.eu\/pt-pt\/\"},{\"@type\":\"ListItem\",\"position\":2,\"name\":\"Podcast \u201cCortar o Mal pela Raiz\u201d- Ep.3\"}]},{\"@type\":\"WebSite\",\"@id\":\"https:\/\/knowhate.eu\/pt-pt\/#website\",\"url\":\"https:\/\/knowhate.eu\/pt-pt\/\",\"name\":\"Knowhate\",\"description\":\"kNOwing online HATE speech\",\"potentialAction\":[{\"@type\":\"SearchAction\",\"target\":{\"@type\":\"EntryPoint\",\"urlTemplate\":\"https:\/\/knowhate.eu\/pt-pt\/?s={search_term_string}\"},\"query-input\":{\"@type\":\"PropertyValueSpecification\",\"valueRequired\":true,\"valueName\":\"search_term_string\"}}],\"inLanguage\":\"pt-PT\"},{\"@type\":\"Person\",\"@id\":\"https:\/\/knowhate.eu\/pt-pt\/#\/schema\/person\/82646a9e1402691ac2747f181dee1099\",\"name\":\"Andreia Garcia\",\"image\":{\"@type\":\"ImageObject\",\"inLanguage\":\"pt-PT\",\"@id\":\"https:\/\/knowhate.eu\/pt-pt\/#\/schema\/person\/image\/\",\"url\":\"https:\/\/secure.gravatar.com\/avatar\/801ad92a5ddc1aa68c5d38c2f7f894b6?s=96&d=mm&r=g\",\"contentUrl\":\"https:\/\/secure.gravatar.com\/avatar\/801ad92a5ddc1aa68c5d38c2f7f894b6?s=96&d=mm&r=g\",\"caption\":\"Andreia Garcia\"},\"url\":\"https:\/\/knowhate.eu\/pt-pt\/author\/kh-iscte\/\"}]}<\/script>\n<!-- \/ Yoast SEO plugin. -->","yoast_head_json":{"title":"Podcast \u201cCortar o Mal pela Raiz\u201d- Ep.3 - Knowhate","description":"Participantes do Ep.3 Cortar o Mal Pela Raiz \u2013 A extrema-direita e o discurso de \u00f3dio s\u00e3o amigos? - com Ricardo Cabral e Ackssana Silva.","robots":{"index":"index","follow":"follow","max-snippet":"max-snippet:-1","max-image-preview":"max-image-preview:large","max-video-preview":"max-video-preview:-1"},"canonical":"https:\/\/knowhate.eu\/pt-pt\/2024\/07\/03\/podcast-cortar-o-mal-pela-raiz-ep-3\/","og_locale":"pt_PT","og_type":"article","og_title":"Podcast \u201cCortar o Mal pela Raiz\u201d- Ep.3 - Knowhate","og_description":"Participantes do Ep.3 Cortar o Mal Pela Raiz \u2013 A extrema-direita e o discurso de \u00f3dio s\u00e3o amigos? - com Ricardo Cabral e Ackssana Silva.","og_url":"https:\/\/knowhate.eu\/pt-pt\/2024\/07\/03\/podcast-cortar-o-mal-pela-raiz-ep-3\/","og_site_name":"Knowhate","article_published_time":"2024-07-03T13:35:04+00:00","article_modified_time":"2024-07-03T13:35:40+00:00","og_image":[{"width":1287,"height":800,"url":"https:\/\/knowhate.eu\/wp-content\/uploads\/2024\/07\/podcat3-1287x800.png","type":"image\/png"}],"author":"Andreia Garcia","twitter_card":"summary_large_image","twitter_misc":{"Escrito por":"Andreia Garcia","Tempo estimado de leitura":"1 minuto"},"schema":{"@context":"https:\/\/schema.org","@graph":[{"@type":"WebPage","@id":"https:\/\/knowhate.eu\/pt-pt\/2024\/07\/03\/podcast-cortar-o-mal-pela-raiz-ep-3\/","url":"https:\/\/knowhate.eu\/pt-pt\/2024\/07\/03\/podcast-cortar-o-mal-pela-raiz-ep-3\/","name":"Podcast \u201cCortar o Mal pela Raiz\u201d- Ep.3 - Knowhate","isPartOf":{"@id":"https:\/\/knowhate.eu\/pt-pt\/#website"},"primaryImageOfPage":{"@id":"https:\/\/knowhate.eu\/pt-pt\/2024\/07\/03\/podcast-cortar-o-mal-pela-raiz-ep-3\/#primaryimage"},"image":{"@id":"https:\/\/knowhate.eu\/pt-pt\/2024\/07\/03\/podcast-cortar-o-mal-pela-raiz-ep-3\/#primaryimage"},"thumbnailUrl":"https:\/\/knowhate.eu\/wp-content\/uploads\/2024\/07\/podcat3.png","datePublished":"2024-07-03T13:35:04+00:00","dateModified":"2024-07-03T13:35:40+00:00","author":{"@id":"https:\/\/knowhate.eu\/pt-pt\/#\/schema\/person\/82646a9e1402691ac2747f181dee1099"},"description":"Participantes do Ep.3 Cortar o Mal Pela Raiz \u2013 A extrema-direita e o discurso de \u00f3dio s\u00e3o amigos? - com Ricardo Cabral e Ackssana Silva.","breadcrumb":{"@id":"https:\/\/knowhate.eu\/pt-pt\/2024\/07\/03\/podcast-cortar-o-mal-pela-raiz-ep-3\/#breadcrumb"},"inLanguage":"pt-PT","potentialAction":[{"@type":"ReadAction","target":["https:\/\/knowhate.eu\/pt-pt\/2024\/07\/03\/podcast-cortar-o-mal-pela-raiz-ep-3\/"]}]},{"@type":"ImageObject","inLanguage":"pt-PT","@id":"https:\/\/knowhate.eu\/pt-pt\/2024\/07\/03\/podcast-cortar-o-mal-pela-raiz-ep-3\/#primaryimage","url":"https:\/\/knowhate.eu\/wp-content\/uploads\/2024\/07\/podcat3.png","contentUrl":"https:\/\/knowhate.eu\/wp-content\/uploads\/2024\/07\/podcat3.png","width":2809,"height":1746},{"@type":"BreadcrumbList","@id":"https:\/\/knowhate.eu\/pt-pt\/2024\/07\/03\/podcast-cortar-o-mal-pela-raiz-ep-3\/#breadcrumb","itemListElement":[{"@type":"ListItem","position":1,"name":"Home","item":"https:\/\/knowhate.eu\/pt-pt\/"},{"@type":"ListItem","position":2,"name":"Podcast \u201cCortar o Mal pela Raiz\u201d- Ep.3"}]},{"@type":"WebSite","@id":"https:\/\/knowhate.eu\/pt-pt\/#website","url":"https:\/\/knowhate.eu\/pt-pt\/","name":"Knowhate","description":"kNOwing online HATE speech","potentialAction":[{"@type":"SearchAction","target":{"@type":"EntryPoint","urlTemplate":"https:\/\/knowhate.eu\/pt-pt\/?s={search_term_string}"},"query-input":{"@type":"PropertyValueSpecification","valueRequired":true,"valueName":"search_term_string"}}],"inLanguage":"pt-PT"},{"@type":"Person","@id":"https:\/\/knowhate.eu\/pt-pt\/#\/schema\/person\/82646a9e1402691ac2747f181dee1099","name":"Andreia Garcia","image":{"@type":"ImageObject","inLanguage":"pt-PT","@id":"https:\/\/knowhate.eu\/pt-pt\/#\/schema\/person\/image\/","url":"https:\/\/secure.gravatar.com\/avatar\/801ad92a5ddc1aa68c5d38c2f7f894b6?s=96&d=mm&r=g","contentUrl":"https:\/\/secure.gravatar.com\/avatar\/801ad92a5ddc1aa68c5d38c2f7f894b6?s=96&d=mm&r=g","caption":"Andreia Garcia"},"url":"https:\/\/knowhate.eu\/pt-pt\/author\/kh-iscte\/"}]}},"_links":{"self":[{"href":"https:\/\/knowhate.eu\/pt-pt\/wp-json\/wp\/v2\/posts\/11392","targetHints":{"allow":["GET"]}}],"collection":[{"href":"https:\/\/knowhate.eu\/pt-pt\/wp-json\/wp\/v2\/posts"}],"about":[{"href":"https:\/\/knowhate.eu\/pt-pt\/wp-json\/wp\/v2\/types\/post"}],"author":[{"embeddable":true,"href":"https:\/\/knowhate.eu\/pt-pt\/wp-json\/wp\/v2\/users\/2"}],"replies":[{"embeddable":true,"href":"https:\/\/knowhate.eu\/pt-pt\/wp-json\/wp\/v2\/comments?post=11392"}],"version-history":[{"count":4,"href":"https:\/\/knowhate.eu\/pt-pt\/wp-json\/wp\/v2\/posts\/11392\/revisions"}],"predecessor-version":[{"id":11400,"href":"https:\/\/knowhate.eu\/pt-pt\/wp-json\/wp\/v2\/posts\/11392\/revisions\/11400"}],"wp:featuredmedia":[{"embeddable":true,"href":"https:\/\/knowhate.eu\/pt-pt\/wp-json\/wp\/v2\/media\/11396"}],"wp:attachment":[{"href":"https:\/\/knowhate.eu\/pt-pt\/wp-json\/wp\/v2\/media?parent=11392"}],"wp:term":[{"taxonomy":"category","embeddable":true,"href":"https:\/\/knowhate.eu\/pt-pt\/wp-json\/wp\/v2\/categories?post=11392"},{"taxonomy":"post_tag","embeddable":true,"href":"https:\/\/knowhate.eu\/pt-pt\/wp-json\/wp\/v2\/tags?post=11392"}],"curies":[{"name":"wp","href":"https:\/\/api.w.org\/{rel}","templated":true}]}}