{"id":10014,"date":"2023-03-02T16:26:11","date_gmt":"2023-03-02T16:26:11","guid":{"rendered":"https:\/\/knowhate.eu\/?p=10014"},"modified":"2023-03-15T10:44:05","modified_gmt":"2023-03-15T10:44:05","slug":"ani-promove-sessao-sobre-programas-cerv-e-horizonte-europa-2","status":"publish","type":"post","link":"https:\/\/knowhate.eu\/pt-pt\/2023\/03\/02\/ani-promove-sessao-sobre-programas-cerv-e-horizonte-europa-2\/","title":{"rendered":"Iscte promove sess\u00e3o de informa\u00e7\u00e3o dedicada a oportunidades de financiamento"},"content":{"rendered":"\t\t<div data-elementor-type=\"wp-post\" data-elementor-id=\"10014\" class=\"elementor elementor-10014\" data-elementor-post-type=\"post\">\n\t\t\t\t\t\t<section class=\"wd-negative-gap elementor-section elementor-top-section elementor-element elementor-element-531d78cc elementor-section-full_width elementor-section-height-default elementor-section-height-default\" data-id=\"531d78cc\" data-element_type=\"section\">\n\t\t\t\t\t\t<div class=\"elementor-container elementor-column-gap-no\">\n\t\t\t\t\t<div class=\"elementor-column elementor-col-100 elementor-top-column elementor-element elementor-element-73295a7e\" data-id=\"73295a7e\" data-element_type=\"column\">\n\t\t\t<div class=\"elementor-widget-wrap elementor-element-populated\">\n\t\t\t\t\t\t<div class=\"elementor-element elementor-element-26b76c9c color-scheme-inherit text-left elementor-widget elementor-widget-text-editor\" data-id=\"26b76c9c\" data-element_type=\"widget\" data-widget_type=\"text-editor.default\">\n\t\t\t\t<div class=\"elementor-widget-container\">\n\t\t\t\t\t\t\t\t\t<h3>O Gabinete de Apoio \u00e0 Investiga\u00e7\u00e3o (GAI) do <b><a id=\"LPlnk916710\" title=\"https:\/\/www.iscte-iul.pt\/\" contenteditable=\"false\" href=\"https:\/\/www.iscte-iul.pt\/\" data-loopstyle=\"link\">Iscte<\/a> <\/b>em colabora\u00e7\u00e3o com a <b><a id=\"LPlnk306714\" title=\"URL original: https:\/\/www.ani.pt\/ Clique para seguir a liga\u00e7\u00e3o.\" contenteditable=\"false\" href=\"https:\/\/eur01.safelinks.protection.outlook.com\/?url=https%3A%2F%2Fwww.ani.pt%2F&amp;data=05%7C01%7Cbru-unide%40iscte-iul.pt%7C70b590f5412a4726b7ee08db1a869c62%7C6230e860bfc54095a6bc104721add6e6%7C0%7C0%7C638132937707155958%7CUnknown%7CTWFpbGZsb3d8eyJWIjoiMC4wLjAwMDAiLCJQIjoiV2luMzIiLCJBTiI6Ik1haWwiLCJXVCI6Mn0%3D%7C3000%7C%7C%7C&amp;sdata=YJ4f4Ky8zGybh6OJX2W1uwJwxmgtOwORtGARqOGx5Nw%3D&amp;reserved=0\" data-auth=\"NotApplicable\" data-loopstyle=\"link\">ANI-Ag\u00eancia Nacional de Inova\u00e7\u00e3o<\/a><\/b>, organizou uma sess\u00e3o h\u00edbrida de informa\u00e7\u00e3o dedicada a oportunidades de financiamento no Cluster 2 Cultura, Criatividade e Sociedade Inclusiva do Pilar 2 do Horizonte Europa.<\/h3>\t\t\t\t\t\t\t\t<\/div>\n\t\t\t\t<\/div>\n\t\t\t\t<div class=\"elementor-element elementor-element-aca9a30 elementor-widget-divider--view-line elementor-widget elementor-widget-divider\" data-id=\"aca9a30\" data-element_type=\"widget\" data-widget_type=\"divider.default\">\n\t\t\t\t<div class=\"elementor-widget-container\">\n\t\t\t\t\t\t\t<div class=\"elementor-divider\">\n\t\t\t<span class=\"elementor-divider-separator\">\n\t\t\t\t\t\t<\/span>\n\t\t<\/div>\n\t\t\t\t\t\t<\/div>\n\t\t\t\t<\/div>\n\t\t\t\t<div class=\"elementor-element elementor-element-ccfcbab color-scheme-inherit text-left elementor-widget elementor-widget-text-editor\" data-id=\"ccfcbab\" data-element_type=\"widget\" data-widget_type=\"text-editor.default\">\n\t\t\t\t<div class=\"elementor-widget-container\">\n\t\t\t\t\t\t\t\t\t<h3><span style=\"caret-color: #000000; color: #000000; font-family: Calibri, sans-serif; font-style: normal; font-variant-caps: normal; text-align: justify; font-size: 11pt; line-height: 22px;\">A investigadora Rita Guerra, enquanto coordenadora do projeto\u00a0<\/span><b style=\"caret-color: #000000; color: #000000; font-family: Calibri, sans-serif; font-size: medium; font-style: normal; font-variant-caps: normal; text-align: justify;\"><span style=\"font-size: 11pt; line-height: 22px;\">kNOwHATE<\/span><\/b><span style=\"caret-color: #000000; color: #000000; font-family: Calibri, sans-serif; font-style: normal; font-variant-caps: normal; text-align: justify; font-size: 11pt; line-height: 22px;\">\u00a0deu o seu testemunho.<\/span><\/h3><p>A sess\u00e3o decorreu no dia 2 de Mar\u00e7o de 2023, das 10h00 \u00e0s 12h00, no Iscte.\u00a0<\/p><h5><span style=\"color: var(--wd-title-color); font-family: var(--wd-title-font); font-size: 16px; font-style: var(--wd-title-font-style); text-transform: var(--wd-title-transform); background-color: var(--wd-main-bgcolor);\">Programa do Evento:<\/span><\/h5><div class=\"x_x_elementToProof\">10:00 &#8211; 10:10 Abertura da Sess\u00e3o e Estrutura (GAI, Carina Cunha e Patr\u00edcia Sagueiro)<br \/><br \/><\/div><div class=\"x_x_elementToProof\">10:10 &#8211; 10:35\u00a0Apresenta\u00e7\u00e3o das oportunidades do Cluster 2 em 2024\u00a0(ANI, \u00a0Margarida Oliveira)<br \/><br class=\"x_x_ContentPasted1\" \/><span class=\"x_x_ContentPasted1\">10:35 \u2013 11:00<\/span><span class=\"x_x_ContentPasted1\">\u00a0Como participar com sucesso no Horizonte Europa?\u00a0<\/span><span class=\"x_x_ContentPasted1\">(ANI, Margarida Oliveira)<\/span><br class=\"x_x_ContentPasted1\" \/><br class=\"x_x_ContentPasted1\" \/><\/div><div class=\"x_x_elementToProof\"><span class=\"x_x_ContentPasted1\">11:00 \u2013 11:40<\/span><span class=\"x_x_ContentPasted1\">\u00a0Testemunho de Participa\u00e7\u00e3o em Projetos Europeus de\u00a0Maria Jos\u00e9 Sousa\u00a0(Iscte-BRU) e\u00a0<strong>Rita Guerra (Iscte-CIS)<\/strong><\/span><\/div><div class=\"x_x_elementToProof\"><br class=\"x_x_ContentPasted1\" \/><span class=\"x_x_ContentPasted1\">11:40 \u2013 12:00 Perguntas &amp; Respostas.\u00a0Discuss\u00e3o<\/span><\/div>\t\t\t\t\t\t\t\t<\/div>\n\t\t\t\t<\/div>\n\t\t\t\t\t<\/div>\n\t\t<\/div>\n\t\t\t\t\t<\/div>\n\t\t<\/section>\n\t\t\t\t<section class=\"wd-negative-gap elementor-section elementor-top-section elementor-element elementor-element-158460c elementor-section-boxed elementor-section-height-default elementor-section-height-default\" data-id=\"158460c\" data-element_type=\"section\">\n\t\t\t\t\t\t<div class=\"elementor-container elementor-column-gap-default\">\n\t\t\t\t\t<div class=\"elementor-column elementor-col-100 elementor-top-column elementor-element elementor-element-f67609f\" data-id=\"f67609f\" data-element_type=\"column\">\n\t\t\t<div class=\"elementor-widget-wrap\">\n\t\t\t\t\t\t\t<\/div>\n\t\t<\/div>\n\t\t\t\t\t<\/div>\n\t\t<\/section>\n\t\t\t\t<\/div>\n\t\t","protected":false},"excerpt":{"rendered":"<p>O Gabinete de Apoio \u00e0 Investiga\u00e7\u00e3o do Iscte em colabora\u00e7\u00e3o com a ANI-Ag\u00eancia Nacional de Inova\u00e7\u00e3o&#8230;.<\/p>\n","protected":false},"author":2,"featured_media":10125,"comment_status":"open","ping_status":"open","sticky":false,"template":"","format":"image","meta":{"footnotes":""},"categories":[92],"tags":[],"class_list":["post-10014","post","type-post","status-publish","format-image","has-post-thumbnail","hentry","category-noticias","post_format-post-format-image"],"yoast_head":"<!-- This site is optimized with the Yoast SEO plugin v24.7 - https:\/\/yoast.com\/wordpress\/plugins\/seo\/ -->\n<title>Iscte promove sess\u00e3o de informa\u00e7\u00e3o dedicada a oportunidades de financiamento - Knowhate<\/title>\n<meta name=\"robots\" content=\"index, follow, max-snippet:-1, max-image-preview:large, max-video-preview:-1\" \/>\n<link rel=\"canonical\" href=\"https:\/\/knowhate.eu\/pt-pt\/2023\/03\/02\/ani-promove-sessao-sobre-programas-cerv-e-horizonte-europa-2\/\" \/>\n<meta property=\"og:locale\" content=\"pt_PT\" \/>\n<meta property=\"og:type\" content=\"article\" \/>\n<meta property=\"og:title\" content=\"Iscte promove sess\u00e3o de informa\u00e7\u00e3o dedicada a oportunidades de financiamento - Knowhate\" \/>\n<meta property=\"og:description\" content=\"O Gabinete de Apoio \u00e0 Investiga\u00e7\u00e3o do Iscte em colabora\u00e7\u00e3o com a ANI-Ag\u00eancia Nacional de Inova\u00e7\u00e3o....\" \/>\n<meta property=\"og:url\" content=\"https:\/\/knowhate.eu\/pt-pt\/2023\/03\/02\/ani-promove-sessao-sobre-programas-cerv-e-horizonte-europa-2\/\" \/>\n<meta property=\"og:site_name\" content=\"Knowhate\" \/>\n<meta property=\"article:published_time\" content=\"2023-03-02T16:26:11+00:00\" \/>\n<meta property=\"article:modified_time\" content=\"2023-03-15T10:44:05+00:00\" \/>\n<meta property=\"og:image\" content=\"https:\/\/knowhate.eu\/wp-content\/uploads\/2023\/03\/knowhate-Cluster-2.jpg\" \/>\n\t<meta property=\"og:image:width\" content=\"1500\" \/>\n\t<meta property=\"og:image:height\" content=\"1012\" \/>\n\t<meta property=\"og:image:type\" content=\"image\/jpeg\" \/>\n<meta name=\"author\" content=\"Andreia Garcia\" \/>\n<meta name=\"twitter:card\" content=\"summary_large_image\" \/>\n<meta name=\"twitter:label1\" content=\"Escrito por\" \/>\n\t<meta name=\"twitter:data1\" content=\"Andreia Garcia\" \/>\n\t<meta name=\"twitter:label2\" content=\"Tempo estimado de leitura\" \/>\n\t<meta name=\"twitter:data2\" content=\"1 minuto\" \/>\n<script type=\"application\/ld+json\" class=\"yoast-schema-graph\">{\"@context\":\"https:\/\/schema.org\",\"@graph\":[{\"@type\":\"WebPage\",\"@id\":\"https:\/\/knowhate.eu\/pt-pt\/2023\/03\/02\/ani-promove-sessao-sobre-programas-cerv-e-horizonte-europa-2\/\",\"url\":\"https:\/\/knowhate.eu\/pt-pt\/2023\/03\/02\/ani-promove-sessao-sobre-programas-cerv-e-horizonte-europa-2\/\",\"name\":\"Iscte promove sess\u00e3o de informa\u00e7\u00e3o dedicada a oportunidades de financiamento - Knowhate\",\"isPartOf\":{\"@id\":\"https:\/\/knowhate.eu\/pt-pt\/#website\"},\"primaryImageOfPage\":{\"@id\":\"https:\/\/knowhate.eu\/pt-pt\/2023\/03\/02\/ani-promove-sessao-sobre-programas-cerv-e-horizonte-europa-2\/#primaryimage\"},\"image\":{\"@id\":\"https:\/\/knowhate.eu\/pt-pt\/2023\/03\/02\/ani-promove-sessao-sobre-programas-cerv-e-horizonte-europa-2\/#primaryimage\"},\"thumbnailUrl\":\"https:\/\/knowhate.eu\/wp-content\/uploads\/2023\/03\/knowhate-Cluster-2.jpg\",\"datePublished\":\"2023-03-02T16:26:11+00:00\",\"dateModified\":\"2023-03-15T10:44:05+00:00\",\"author\":{\"@id\":\"https:\/\/knowhate.eu\/pt-pt\/#\/schema\/person\/82646a9e1402691ac2747f181dee1099\"},\"breadcrumb\":{\"@id\":\"https:\/\/knowhate.eu\/pt-pt\/2023\/03\/02\/ani-promove-sessao-sobre-programas-cerv-e-horizonte-europa-2\/#breadcrumb\"},\"inLanguage\":\"pt-PT\",\"potentialAction\":[{\"@type\":\"ReadAction\",\"target\":[\"https:\/\/knowhate.eu\/pt-pt\/2023\/03\/02\/ani-promove-sessao-sobre-programas-cerv-e-horizonte-europa-2\/\"]}]},{\"@type\":\"ImageObject\",\"inLanguage\":\"pt-PT\",\"@id\":\"https:\/\/knowhate.eu\/pt-pt\/2023\/03\/02\/ani-promove-sessao-sobre-programas-cerv-e-horizonte-europa-2\/#primaryimage\",\"url\":\"https:\/\/knowhate.eu\/wp-content\/uploads\/2023\/03\/knowhate-Cluster-2.jpg\",\"contentUrl\":\"https:\/\/knowhate.eu\/wp-content\/uploads\/2023\/03\/knowhate-Cluster-2.jpg\",\"width\":1500,\"height\":1012},{\"@type\":\"BreadcrumbList\",\"@id\":\"https:\/\/knowhate.eu\/pt-pt\/2023\/03\/02\/ani-promove-sessao-sobre-programas-cerv-e-horizonte-europa-2\/#breadcrumb\",\"itemListElement\":[{\"@type\":\"ListItem\",\"position\":1,\"name\":\"Home\",\"item\":\"https:\/\/knowhate.eu\/pt-pt\/\"},{\"@type\":\"ListItem\",\"position\":2,\"name\":\"Iscte promove sess\u00e3o de informa\u00e7\u00e3o dedicada a oportunidades de financiamento\"}]},{\"@type\":\"WebSite\",\"@id\":\"https:\/\/knowhate.eu\/pt-pt\/#website\",\"url\":\"https:\/\/knowhate.eu\/pt-pt\/\",\"name\":\"Knowhate\",\"description\":\"kNOwing online HATE speech\",\"potentialAction\":[{\"@type\":\"SearchAction\",\"target\":{\"@type\":\"EntryPoint\",\"urlTemplate\":\"https:\/\/knowhate.eu\/pt-pt\/?s={search_term_string}\"},\"query-input\":{\"@type\":\"PropertyValueSpecification\",\"valueRequired\":true,\"valueName\":\"search_term_string\"}}],\"inLanguage\":\"pt-PT\"},{\"@type\":\"Person\",\"@id\":\"https:\/\/knowhate.eu\/pt-pt\/#\/schema\/person\/82646a9e1402691ac2747f181dee1099\",\"name\":\"Andreia Garcia\",\"image\":{\"@type\":\"ImageObject\",\"inLanguage\":\"pt-PT\",\"@id\":\"https:\/\/knowhate.eu\/pt-pt\/#\/schema\/person\/image\/\",\"url\":\"https:\/\/secure.gravatar.com\/avatar\/801ad92a5ddc1aa68c5d38c2f7f894b6?s=96&d=mm&r=g\",\"contentUrl\":\"https:\/\/secure.gravatar.com\/avatar\/801ad92a5ddc1aa68c5d38c2f7f894b6?s=96&d=mm&r=g\",\"caption\":\"Andreia Garcia\"},\"url\":\"https:\/\/knowhate.eu\/pt-pt\/author\/kh-iscte\/\"}]}<\/script>\n<!-- \/ Yoast SEO plugin. -->","yoast_head_json":{"title":"Iscte promove sess\u00e3o de informa\u00e7\u00e3o dedicada a oportunidades de financiamento - Knowhate","robots":{"index":"index","follow":"follow","max-snippet":"max-snippet:-1","max-image-preview":"max-image-preview:large","max-video-preview":"max-video-preview:-1"},"canonical":"https:\/\/knowhate.eu\/pt-pt\/2023\/03\/02\/ani-promove-sessao-sobre-programas-cerv-e-horizonte-europa-2\/","og_locale":"pt_PT","og_type":"article","og_title":"Iscte promove sess\u00e3o de informa\u00e7\u00e3o dedicada a oportunidades de financiamento - Knowhate","og_description":"O Gabinete de Apoio \u00e0 Investiga\u00e7\u00e3o do Iscte em colabora\u00e7\u00e3o com a ANI-Ag\u00eancia Nacional de Inova\u00e7\u00e3o....","og_url":"https:\/\/knowhate.eu\/pt-pt\/2023\/03\/02\/ani-promove-sessao-sobre-programas-cerv-e-horizonte-europa-2\/","og_site_name":"Knowhate","article_published_time":"2023-03-02T16:26:11+00:00","article_modified_time":"2023-03-15T10:44:05+00:00","og_image":[{"width":1500,"height":1012,"url":"https:\/\/knowhate.eu\/wp-content\/uploads\/2023\/03\/knowhate-Cluster-2.jpg","type":"image\/jpeg"}],"author":"Andreia Garcia","twitter_card":"summary_large_image","twitter_misc":{"Escrito por":"Andreia Garcia","Tempo estimado de leitura":"1 minuto"},"schema":{"@context":"https:\/\/schema.org","@graph":[{"@type":"WebPage","@id":"https:\/\/knowhate.eu\/pt-pt\/2023\/03\/02\/ani-promove-sessao-sobre-programas-cerv-e-horizonte-europa-2\/","url":"https:\/\/knowhate.eu\/pt-pt\/2023\/03\/02\/ani-promove-sessao-sobre-programas-cerv-e-horizonte-europa-2\/","name":"Iscte promove sess\u00e3o de informa\u00e7\u00e3o dedicada a oportunidades de financiamento - Knowhate","isPartOf":{"@id":"https:\/\/knowhate.eu\/pt-pt\/#website"},"primaryImageOfPage":{"@id":"https:\/\/knowhate.eu\/pt-pt\/2023\/03\/02\/ani-promove-sessao-sobre-programas-cerv-e-horizonte-europa-2\/#primaryimage"},"image":{"@id":"https:\/\/knowhate.eu\/pt-pt\/2023\/03\/02\/ani-promove-sessao-sobre-programas-cerv-e-horizonte-europa-2\/#primaryimage"},"thumbnailUrl":"https:\/\/knowhate.eu\/wp-content\/uploads\/2023\/03\/knowhate-Cluster-2.jpg","datePublished":"2023-03-02T16:26:11+00:00","dateModified":"2023-03-15T10:44:05+00:00","author":{"@id":"https:\/\/knowhate.eu\/pt-pt\/#\/schema\/person\/82646a9e1402691ac2747f181dee1099"},"breadcrumb":{"@id":"https:\/\/knowhate.eu\/pt-pt\/2023\/03\/02\/ani-promove-sessao-sobre-programas-cerv-e-horizonte-europa-2\/#breadcrumb"},"inLanguage":"pt-PT","potentialAction":[{"@type":"ReadAction","target":["https:\/\/knowhate.eu\/pt-pt\/2023\/03\/02\/ani-promove-sessao-sobre-programas-cerv-e-horizonte-europa-2\/"]}]},{"@type":"ImageObject","inLanguage":"pt-PT","@id":"https:\/\/knowhate.eu\/pt-pt\/2023\/03\/02\/ani-promove-sessao-sobre-programas-cerv-e-horizonte-europa-2\/#primaryimage","url":"https:\/\/knowhate.eu\/wp-content\/uploads\/2023\/03\/knowhate-Cluster-2.jpg","contentUrl":"https:\/\/knowhate.eu\/wp-content\/uploads\/2023\/03\/knowhate-Cluster-2.jpg","width":1500,"height":1012},{"@type":"BreadcrumbList","@id":"https:\/\/knowhate.eu\/pt-pt\/2023\/03\/02\/ani-promove-sessao-sobre-programas-cerv-e-horizonte-europa-2\/#breadcrumb","itemListElement":[{"@type":"ListItem","position":1,"name":"Home","item":"https:\/\/knowhate.eu\/pt-pt\/"},{"@type":"ListItem","position":2,"name":"Iscte promove sess\u00e3o de informa\u00e7\u00e3o dedicada a oportunidades de financiamento"}]},{"@type":"WebSite","@id":"https:\/\/knowhate.eu\/pt-pt\/#website","url":"https:\/\/knowhate.eu\/pt-pt\/","name":"Knowhate","description":"kNOwing online HATE speech","potentialAction":[{"@type":"SearchAction","target":{"@type":"EntryPoint","urlTemplate":"https:\/\/knowhate.eu\/pt-pt\/?s={search_term_string}"},"query-input":{"@type":"PropertyValueSpecification","valueRequired":true,"valueName":"search_term_string"}}],"inLanguage":"pt-PT"},{"@type":"Person","@id":"https:\/\/knowhate.eu\/pt-pt\/#\/schema\/person\/82646a9e1402691ac2747f181dee1099","name":"Andreia Garcia","image":{"@type":"ImageObject","inLanguage":"pt-PT","@id":"https:\/\/knowhate.eu\/pt-pt\/#\/schema\/person\/image\/","url":"https:\/\/secure.gravatar.com\/avatar\/801ad92a5ddc1aa68c5d38c2f7f894b6?s=96&d=mm&r=g","contentUrl":"https:\/\/secure.gravatar.com\/avatar\/801ad92a5ddc1aa68c5d38c2f7f894b6?s=96&d=mm&r=g","caption":"Andreia Garcia"},"url":"https:\/\/knowhate.eu\/pt-pt\/author\/kh-iscte\/"}]}},"_links":{"self":[{"href":"https:\/\/knowhate.eu\/pt-pt\/wp-json\/wp\/v2\/posts\/10014","targetHints":{"allow":["GET"]}}],"collection":[{"href":"https:\/\/knowhate.eu\/pt-pt\/wp-json\/wp\/v2\/posts"}],"about":[{"href":"https:\/\/knowhate.eu\/pt-pt\/wp-json\/wp\/v2\/types\/post"}],"author":[{"embeddable":true,"href":"https:\/\/knowhate.eu\/pt-pt\/wp-json\/wp\/v2\/users\/2"}],"replies":[{"embeddable":true,"href":"https:\/\/knowhate.eu\/pt-pt\/wp-json\/wp\/v2\/comments?post=10014"}],"version-history":[{"count":8,"href":"https:\/\/knowhate.eu\/pt-pt\/wp-json\/wp\/v2\/posts\/10014\/revisions"}],"predecessor-version":[{"id":10134,"href":"https:\/\/knowhate.eu\/pt-pt\/wp-json\/wp\/v2\/posts\/10014\/revisions\/10134"}],"wp:featuredmedia":[{"embeddable":true,"href":"https:\/\/knowhate.eu\/pt-pt\/wp-json\/wp\/v2\/media\/10125"}],"wp:attachment":[{"href":"https:\/\/knowhate.eu\/pt-pt\/wp-json\/wp\/v2\/media?parent=10014"}],"wp:term":[{"taxonomy":"category","embeddable":true,"href":"https:\/\/knowhate.eu\/pt-pt\/wp-json\/wp\/v2\/categories?post=10014"},{"taxonomy":"post_tag","embeddable":true,"href":"https:\/\/knowhate.eu\/pt-pt\/wp-json\/wp\/v2\/tags?post=10014"}],"curies":[{"name":"wp","href":"https:\/\/api.w.org\/{rel}","templated":true}]}}